{"id":10040,"date":"2023-05-16T22:41:45","date_gmt":"2023-05-17T03:41:45","guid":{"rendered":"https:\/\/informebajio.com.mx\/?p=10040"},"modified":"2023-05-16T22:41:45","modified_gmt":"2023-05-17T03:41:45","slug":"municipio-de-soledad-se-sumara-al-programa-cuidarse-esta-cool-para-prevenir-adicciones","status":"publish","type":"post","link":"https:\/\/informebajio.com.mx\/?p=10040","title":{"rendered":"MUNICIPIO DE SOLEDAD SE SUMAR\u00c1 AL PROGRAMA \u201cCUIDARSE EST\u00c1 COOL\u201d, PARA PREVENIR ADICCIONES"},"content":{"rendered":"<div>\n<p>\u2022 Con esto, se busca prevenir y atender situaciones de riesgo para ni\u00f1as, ni\u00f1os y adolescentes en la demarcaci\u00f3n, asociadas a cualquier adicci\u00f3n.<\/p>\n<p>Con el firme prop\u00f3sito de fortalecer las acciones en la prevenci\u00f3n de adicciones, dirigidas principalmente a ni\u00f1as, ni\u00f1os y adolescentes del municipio, este martes, arrancar\u00e1 en Soledad de Graciano S\u00e1nchez el programa \u201cCuidarse est\u00e1 Cool\u201d, resultado del esfuerzo y coordinaci\u00f3n entre el Gobierno Federal, del Estado y el Ayuntamiento.<\/p>\n<p>El titular de Educaci\u00f3n y Acci\u00f3n C\u00edvica, Jos\u00e9 Juan Castro Castillo, quien indic\u00f3 que con este programa interinstitucional se pretende concientizar a la infancia y juventud de los riesgos que causa adoptar conductas nocivas en su vida, adem\u00e1s de prevenirlas y atenderlas de manera integral.<\/p>\n<p>Especific\u00f3 que el proyecto ser\u00e1 lanzado en la escuela secundaria \u201cGraciano S\u00e1nchez\u201d, y contar\u00e1 con la presencia del Gobernador del Estado, Ricardo Gallardo Cardona, as\u00ed como de distintas dependencias estatales de salud, trabajo, prevenci\u00f3n y rehabilitaci\u00f3n.<\/p>\n<figure class=\"wp-block-image size-large\"><img loading=\"lazy\" decoding=\"async\" width=\"950\" height=\"633\" alt=\"\" srcset=\"https:\/\/laroja.com.mx\/wp-content\/uploads\/2023\/05\/PHOTO-2023-05-15-16-14-22-1-950x633.jpg 950w, https:\/\/laroja.com.mx\/wp-content\/uploads\/2023\/05\/PHOTO-2023-05-15-16-14-22-1-600x400.jpg 600w, https:\/\/laroja.com.mx\/wp-content\/uploads\/2023\/05\/PHOTO-2023-05-15-16-14-22-1-150x100.jpg 150w, https:\/\/laroja.com.mx\/wp-content\/uploads\/2023\/05\/PHOTO-2023-05-15-16-14-22-1-1536x1023.jpg 1536w, https:\/\/laroja.com.mx\/wp-content\/uploads\/2023\/05\/PHOTO-2023-05-15-16-14-22-1.jpg 1600w\" src=\"https:\/\/laroja.com.mx\/wp-content\/uploads\/2023\/05\/PHOTO-2023-05-15-16-14-22-1-950x633.jpg\" data-sizes=\"(max-width: 950px) 100vw, 950px\" class=\"wp-image-146626 lazyload\" bad-src=\"data:image\/gif;base64,R0lGODlhAQABAAAAACH5BAEKAAEALAAAAAABAAEAAAICTAEAOw==\"\/><noscript><img loading=\"lazy\" decoding=\"async\" width=\"950\" height=\"633\" src=\"https:\/\/laroja.com.mx\/wp-content\/uploads\/2023\/05\/PHOTO-2023-05-15-16-14-22-1-950x633.jpg\" alt=\"\" class=\"wp-image-146626\" srcset=\"https:\/\/laroja.com.mx\/wp-content\/uploads\/2023\/05\/PHOTO-2023-05-15-16-14-22-1-950x633.jpg 950w, https:\/\/laroja.com.mx\/wp-content\/uploads\/2023\/05\/PHOTO-2023-05-15-16-14-22-1-600x400.jpg 600w, https:\/\/laroja.com.mx\/wp-content\/uploads\/2023\/05\/PHOTO-2023-05-15-16-14-22-1-150x100.jpg 150w, https:\/\/laroja.com.mx\/wp-content\/uploads\/2023\/05\/PHOTO-2023-05-15-16-14-22-1-1536x1023.jpg 1536w, https:\/\/laroja.com.mx\/wp-content\/uploads\/2023\/05\/PHOTO-2023-05-15-16-14-22-1.jpg 1600w\" sizes=\"auto, (max-width: 950px) 100vw, 950px\"\/><\/noscript><\/figure>\n<p>Castro Castillo dio a conocer que este programa empezar\u00e1 con un programa que incluye la encuesta \u201cContesta con la Neta\u201d, efectu\u00e1ndose del 16 al 19 de mayo, misma que forma parte de la estrategia antes mencionada y est\u00e1 dirigida a conocer las pr\u00e1cticas y vida diaria de las y los adolescentes.<\/p>\n<p>Detall\u00f3 que una de las prioridades de la alcaldesa, Leonor Noyola Cervantes, es prevenir los problemas que aquejen el sano crecimiento de la juventud, por ello es que en el municipio se trabaja sin descanso para buscar el bienestar de todas y todos, de la mano con instituciones, pero tambi\u00e9n de las familias.<\/p>\n<\/div>\n<p><\/p>\n","protected":false},"excerpt":{"rendered":"<p>\u2022 Con esto, se busca prevenir y atender situaciones de riesgo para ni\u00f1as, ni\u00f1os y adolescentes en la demarcaci\u00f3n, asociadas a cualquier adicci\u00f3n. Con el firme prop\u00f3sito de fortalecer las acciones en la prevenci\u00f3n de adicciones, dirigidas principalmente a ni\u00f1as, ni\u00f1os y adolescentes del municipio, este martes, arrancar\u00e1 en Soledad de Graciano S\u00e1nchez el programa [&hellip;]<\/p>\n","protected":false},"author":2,"featured_media":10041,"comment_status":"","ping_status":"","sticky":false,"template":"","format":"standard","meta":{"_monsterinsights_skip_tracking":false,"_monsterinsights_sitenote_active":false,"_monsterinsights_sitenote_note":"","_monsterinsights_sitenote_category":0,"footnotes":""},"categories":[5],"tags":[],"class_list":["post-10040","post","type-post","status-publish","format-standard","has-post-thumbnail","hentry","category-san-luis-potosi"],"_links":{"self":[{"href":"https:\/\/informebajio.com.mx\/index.php?rest_route=\/wp\/v2\/posts\/10040","targetHints":{"allow":["GET"]}}],"collection":[{"href":"https:\/\/informebajio.com.mx\/index.php?rest_route=\/wp\/v2\/posts"}],"about":[{"href":"https:\/\/informebajio.com.mx\/index.php?rest_route=\/wp\/v2\/types\/post"}],"author":[{"embeddable":true,"href":"https:\/\/informebajio.com.mx\/index.php?rest_route=\/wp\/v2\/users\/2"}],"replies":[{"embeddable":true,"href":"https:\/\/informebajio.com.mx\/index.php?rest_route=%2Fwp%2Fv2%2Fcomments&post=10040"}],"version-history":[{"count":0,"href":"https:\/\/informebajio.com.mx\/index.php?rest_route=\/wp\/v2\/posts\/10040\/revisions"}],"wp:featuredmedia":[{"embeddable":true,"href":"https:\/\/informebajio.com.mx\/index.php?rest_route=\/wp\/v2\/media\/10041"}],"wp:attachment":[{"href":"https:\/\/informebajio.com.mx\/index.php?rest_route=%2Fwp%2Fv2%2Fmedia&parent=10040"}],"wp:term":[{"taxonomy":"category","embeddable":true,"href":"https:\/\/informebajio.com.mx\/index.php?rest_route=%2Fwp%2Fv2%2Fcategories&post=10040"},{"taxonomy":"post_tag","embeddable":true,"href":"https:\/\/informebajio.com.mx\/index.php?rest_route=%2Fwp%2Fv2%2Ftags&post=10040"}],"curies":[{"name":"wp","href":"https:\/\/api.w.org\/{rel}","templated":true}]}}