{"id":10074,"date":"2023-05-17T08:43:37","date_gmt":"2023-05-17T13:43:37","guid":{"rendered":"https:\/\/informebajio.com.mx\/?p=10074"},"modified":"2023-05-17T08:43:37","modified_gmt":"2023-05-17T13:43:37","slug":"en-reunion-con-el-subsecretario-de-seguridad-federal-general-rodriguez-bucio-gobierno-de-la-capital-fortalece-acciones-para-atender-la-violencia-de-genero","status":"publish","type":"post","link":"https:\/\/informebajio.com.mx\/?p=10074","title":{"rendered":"En reuni\u00f3n con el Subsecretario de Seguridad Federal, General Rodr\u00edguez Bucio, Gobierno de la Capital fortalece acciones para atender la violencia de g\u00e9nero"},"content":{"rendered":"<div>\n<ul>\n<li>\u2013\u00a0\u00a0\u00a0\u00a0\u00a0\u00a0\u00a0\u00a0\u00a0 <strong>Esta ma\u00f1ana en Palacio Municipal, autoridades de San Luis Potos\u00ed de los tres \u00f3rdenes de gobierno, que integran la mesa de paz, se reunieron tambi\u00e9n con la titular del SESNSP, Clara Luz Flores.<\/strong><\/li>\n<li>\u2013\u00a0\u00a0\u00a0\u00a0\u00a0\u00a0\u00a0\u00a0\u00a0 <strong>En sesi\u00f3n virtual, los funcionarios de seguridad analizaron y plantearon las estrategias para reforzar las acciones contra la violencia hacia las mujeres.<\/strong><\/li>\n<li>\u2013\u00a0\u00a0\u00a0\u00a0\u00a0\u00a0\u00a0\u00a0\u00a0 <strong>El titular de la SSPC Municipal, Antonio de Jes\u00fas Villa Guti\u00e9rrez, expuso las estrategias que se realizan desde el Ayuntamiento de la Capital.<\/strong><\/li>\n<\/ul>\n<p><a\/>Autoridades del Gobierno de la Capital sostuvieron la ma\u00f1ana de este martes una reuni\u00f3n virtual con la titular del Secretariado Ejecutivo del Sistema Nacional de Seguridad P\u00fablica (SESNSP), Clara Luz Flores Carrales y el subsecretario de Seguridad P\u00fablica de la Secretar\u00eda de Seguridad y Protecci\u00f3n Ciudadana, Luis Rodr\u00edguez Bucio; as\u00ed como autoridades de los tres \u00f3rdenes de gobierno que integran la mesa de paz; para fortalecer la colaboraci\u00f3n en la atenci\u00f3n y combate a la violencia de g\u00e9nero.<\/p>\n<p>Durante su intervenci\u00f3n en esta reuni\u00f3n denominada \u201cReforzamiento de la Estrategia Integral contra la Violencia hacia las Mujeres y las Ni\u00f1as\u201d, el Secretario General del Ayuntamiento, Jorge Daniel Hern\u00e1ndez Delgadillo, destac\u00f3 las acciones concretas que el Gobierno de la Capital est\u00e1 llevando a cabo en beneficio de las mujeres. Entre ellas se encuentra la recuperaci\u00f3n de espacios p\u00fablicos a trav\u00e9s del programa \u00abDomingo de Pilas\u00bb y la instalaci\u00f3n de Alumbrado T\u00e1ctico en las colonias, con el objetivo de garantizar entornos m\u00e1s seguros y propicios para todas y todos los habitantes de la Capital.<\/p>\n<figure class=\"is-layout-flex wp-block-gallery-1 wp-block-gallery has-nested-images columns-default is-cropped\">\n<figure class=\"wp-block-image size-large\"><img loading=\"lazy\" decoding=\"async\" width=\"950\" height=\"713\" data-id=\"146730\" alt=\"\" srcset=\"https:\/\/laroja.com.mx\/wp-content\/uploads\/2023\/05\/BL_SSPC-combate-Violencia-160523-03-950x713.jpeg 950w, https:\/\/laroja.com.mx\/wp-content\/uploads\/2023\/05\/BL_SSPC-combate-Violencia-160523-03-600x450.jpeg 600w, https:\/\/laroja.com.mx\/wp-content\/uploads\/2023\/05\/BL_SSPC-combate-Violencia-160523-03-150x113.jpeg 150w, https:\/\/laroja.com.mx\/wp-content\/uploads\/2023\/05\/BL_SSPC-combate-Violencia-160523-03.jpeg 1024w\" src=\"https:\/\/laroja.com.mx\/wp-content\/uploads\/2023\/05\/BL_SSPC-combate-Violencia-160523-03-950x713.jpeg\" data-sizes=\"(max-width: 950px) 100vw, 950px\" class=\"wp-image-146730 lazyload\" bad-src=\"data:image\/gif;base64,R0lGODlhAQABAAAAACH5BAEKAAEALAAAAAABAAEAAAICTAEAOw==\"\/><noscript><img loading=\"lazy\" decoding=\"async\" width=\"950\" height=\"713\" data-id=\"146730\" src=\"https:\/\/laroja.com.mx\/wp-content\/uploads\/2023\/05\/BL_SSPC-combate-Violencia-160523-03-950x713.jpeg\" alt=\"\" class=\"wp-image-146730\" srcset=\"https:\/\/laroja.com.mx\/wp-content\/uploads\/2023\/05\/BL_SSPC-combate-Violencia-160523-03-950x713.jpeg 950w, https:\/\/laroja.com.mx\/wp-content\/uploads\/2023\/05\/BL_SSPC-combate-Violencia-160523-03-600x450.jpeg 600w, https:\/\/laroja.com.mx\/wp-content\/uploads\/2023\/05\/BL_SSPC-combate-Violencia-160523-03-150x113.jpeg 150w, https:\/\/laroja.com.mx\/wp-content\/uploads\/2023\/05\/BL_SSPC-combate-Violencia-160523-03.jpeg 1024w\" sizes=\"auto, (max-width: 950px) 100vw, 950px\"\/><\/noscript><\/figure>\n<figure class=\"wp-block-image size-large\"><img loading=\"lazy\" decoding=\"async\" width=\"950\" height=\"713\" data-id=\"146733\" alt=\"\" srcset=\"https:\/\/laroja.com.mx\/wp-content\/uploads\/2023\/05\/BL_SSPC-combate-Violencia-160523-02-950x713.jpeg 950w, https:\/\/laroja.com.mx\/wp-content\/uploads\/2023\/05\/BL_SSPC-combate-Violencia-160523-02-600x450.jpeg 600w, https:\/\/laroja.com.mx\/wp-content\/uploads\/2023\/05\/BL_SSPC-combate-Violencia-160523-02-150x113.jpeg 150w, https:\/\/laroja.com.mx\/wp-content\/uploads\/2023\/05\/BL_SSPC-combate-Violencia-160523-02.jpeg 1024w\" src=\"https:\/\/laroja.com.mx\/wp-content\/uploads\/2023\/05\/BL_SSPC-combate-Violencia-160523-02-950x713.jpeg\" data-sizes=\"(max-width: 950px) 100vw, 950px\" class=\"wp-image-146733 lazyload\" bad-src=\"data:image\/gif;base64,R0lGODlhAQABAAAAACH5BAEKAAEALAAAAAABAAEAAAICTAEAOw==\"\/><noscript><img loading=\"lazy\" decoding=\"async\" width=\"950\" height=\"713\" data-id=\"146733\" src=\"https:\/\/laroja.com.mx\/wp-content\/uploads\/2023\/05\/BL_SSPC-combate-Violencia-160523-02-950x713.jpeg\" alt=\"\" class=\"wp-image-146733\" srcset=\"https:\/\/laroja.com.mx\/wp-content\/uploads\/2023\/05\/BL_SSPC-combate-Violencia-160523-02-950x713.jpeg 950w, https:\/\/laroja.com.mx\/wp-content\/uploads\/2023\/05\/BL_SSPC-combate-Violencia-160523-02-600x450.jpeg 600w, https:\/\/laroja.com.mx\/wp-content\/uploads\/2023\/05\/BL_SSPC-combate-Violencia-160523-02-150x113.jpeg 150w, https:\/\/laroja.com.mx\/wp-content\/uploads\/2023\/05\/BL_SSPC-combate-Violencia-160523-02.jpeg 1024w\" sizes=\"auto, (max-width: 950px) 100vw, 950px\"\/><\/noscript><\/figure>\n<figure class=\"wp-block-image size-large\"><img loading=\"lazy\" decoding=\"async\" width=\"950\" height=\"713\" data-id=\"146732\" alt=\"\" srcset=\"https:\/\/laroja.com.mx\/wp-content\/uploads\/2023\/05\/BL_SSPC-combate-Violencia-160523-04-950x713.jpeg 950w, https:\/\/laroja.com.mx\/wp-content\/uploads\/2023\/05\/BL_SSPC-combate-Violencia-160523-04-600x450.jpeg 600w, https:\/\/laroja.com.mx\/wp-content\/uploads\/2023\/05\/BL_SSPC-combate-Violencia-160523-04-150x113.jpeg 150w, https:\/\/laroja.com.mx\/wp-content\/uploads\/2023\/05\/BL_SSPC-combate-Violencia-160523-04.jpeg 1024w\" src=\"https:\/\/laroja.com.mx\/wp-content\/uploads\/2023\/05\/BL_SSPC-combate-Violencia-160523-04-950x713.jpeg\" data-sizes=\"(max-width: 950px) 100vw, 950px\" class=\"wp-image-146732 lazyload\" bad-src=\"data:image\/gif;base64,R0lGODlhAQABAAAAACH5BAEKAAEALAAAAAABAAEAAAICTAEAOw==\"\/><noscript><img loading=\"lazy\" decoding=\"async\" width=\"950\" height=\"713\" data-id=\"146732\" src=\"https:\/\/laroja.com.mx\/wp-content\/uploads\/2023\/05\/BL_SSPC-combate-Violencia-160523-04-950x713.jpeg\" alt=\"\" class=\"wp-image-146732\" srcset=\"https:\/\/laroja.com.mx\/wp-content\/uploads\/2023\/05\/BL_SSPC-combate-Violencia-160523-04-950x713.jpeg 950w, https:\/\/laroja.com.mx\/wp-content\/uploads\/2023\/05\/BL_SSPC-combate-Violencia-160523-04-600x450.jpeg 600w, https:\/\/laroja.com.mx\/wp-content\/uploads\/2023\/05\/BL_SSPC-combate-Violencia-160523-04-150x113.jpeg 150w, https:\/\/laroja.com.mx\/wp-content\/uploads\/2023\/05\/BL_SSPC-combate-Violencia-160523-04.jpeg 1024w\" sizes=\"auto, (max-width: 950px) 100vw, 950px\"\/><\/noscript><\/figure>\n<\/figure>\n<p>Hern\u00e1ndez Delgadillo destac\u00f3 que con estos esfuerzos y la colaboraci\u00f3n estrecha entre las autoridades federales y locales, el Gobierno de la Capital refuerza su compromiso en la lucha contra la violencia de g\u00e9nero.<\/p>\n<p>La reuni\u00f3n, llevada a cabo en Palacio Municipal, tuvo como resultado la programaci\u00f3n de sesiones semanales para establecer directrices concretas y efectivas en la atenci\u00f3n de esta materia a nivel municipal.<\/p>\n<p>Al respecto, el Secretario de Seguridad y Protecci\u00f3n Ciudadana del municipio de San Luis Potos\u00ed, Comisario Juan Antonio Villa Guti\u00e9rrez, inform\u00f3 que por parte del Gobierno de la Capital, la corporaci\u00f3n municipal mantiene una constante capacitaci\u00f3n a las y los polic\u00edas municipales en materia de g\u00e9nero y protocolos de atenci\u00f3n y adem\u00e1s, en coordinaci\u00f3n con la Instancia de las Mujeres, se emprenden acciones transversales para atender el problema de la violencia contra las mujeres.<\/p>\n<p>En la reuni\u00f3n en Palacio Municipal estuvieron representantes del Gobierno Federal, as\u00ed como Sandra Ver\u00f3nica S\u00e1nchez Urrutia, titular de la Fiscal\u00eda Especializada en Feminicidios de la Fiscal\u00eda General del Estado y representantes de la Guardia Civil Estatal.<\/p>\n<\/div>\n<p><\/p>\n","protected":false},"excerpt":{"rendered":"<p>\u2013\u00a0\u00a0\u00a0\u00a0\u00a0\u00a0\u00a0\u00a0\u00a0 Esta ma\u00f1ana en Palacio Municipal, autoridades de San Luis Potos\u00ed de los tres \u00f3rdenes de gobierno, que integran la mesa de paz, se reunieron tambi\u00e9n con la titular del SESNSP, Clara Luz Flores. \u2013\u00a0\u00a0\u00a0\u00a0\u00a0\u00a0\u00a0\u00a0\u00a0 En sesi\u00f3n virtual, los funcionarios de seguridad analizaron y plantearon las estrategias para reforzar las acciones contra la violencia hacia [&hellip;]<\/p>\n","protected":false},"author":2,"featured_media":10075,"comment_status":"","ping_status":"","sticky":false,"template":"","format":"standard","meta":{"_monsterinsights_skip_tracking":false,"_monsterinsights_sitenote_active":false,"_monsterinsights_sitenote_note":"","_monsterinsights_sitenote_category":0,"footnotes":""},"categories":[5],"tags":[],"class_list":["post-10074","post","type-post","status-publish","format-standard","has-post-thumbnail","hentry","category-san-luis-potosi"],"_links":{"self":[{"href":"https:\/\/informebajio.com.mx\/index.php?rest_route=\/wp\/v2\/posts\/10074","targetHints":{"allow":["GET"]}}],"collection":[{"href":"https:\/\/informebajio.com.mx\/index.php?rest_route=\/wp\/v2\/posts"}],"about":[{"href":"https:\/\/informebajio.com.mx\/index.php?rest_route=\/wp\/v2\/types\/post"}],"author":[{"embeddable":true,"href":"https:\/\/informebajio.com.mx\/index.php?rest_route=\/wp\/v2\/users\/2"}],"replies":[{"embeddable":true,"href":"https:\/\/informebajio.com.mx\/index.php?rest_route=%2Fwp%2Fv2%2Fcomments&post=10074"}],"version-history":[{"count":0,"href":"https:\/\/informebajio.com.mx\/index.php?rest_route=\/wp\/v2\/posts\/10074\/revisions"}],"wp:featuredmedia":[{"embeddable":true,"href":"https:\/\/informebajio.com.mx\/index.php?rest_route=\/wp\/v2\/media\/10075"}],"wp:attachment":[{"href":"https:\/\/informebajio.com.mx\/index.php?rest_route=%2Fwp%2Fv2%2Fmedia&parent=10074"}],"wp:term":[{"taxonomy":"category","embeddable":true,"href":"https:\/\/informebajio.com.mx\/index.php?rest_route=%2Fwp%2Fv2%2Fcategories&post=10074"},{"taxonomy":"post_tag","embeddable":true,"href":"https:\/\/informebajio.com.mx\/index.php?rest_route=%2Fwp%2Fv2%2Ftags&post=10074"}],"curies":[{"name":"wp","href":"https:\/\/api.w.org\/{rel}","templated":true}]}}