{"id":10192,"date":"2023-05-18T21:07:10","date_gmt":"2023-05-19T02:07:10","guid":{"rendered":"https:\/\/informebajio.com.mx\/?p=10192"},"modified":"2023-05-18T21:07:10","modified_gmt":"2023-05-19T02:07:10","slug":"en-aumento-los-crimenes-de-odio-hacia-la-comunidad-lgbtiq","status":"publish","type":"post","link":"https:\/\/informebajio.com.mx\/?p=10192","title":{"rendered":"En aumento los cr\u00edmenes de odio hacia la comunidad LGBTIQ+"},"content":{"rendered":"<div id=\"content-body-5851641-10080497\">\n<p>Javier Guerrero | El Sol de Morelia<\/p>\n<p>Morelia, Michoac\u00e1n (OEM-Infomex).- <b>Juan Carlos Barrag\u00e1n V\u00e9lez<\/b>, diputado de <b>Movimiento Regeneraci\u00f3n Nacional<\/b> (<b>Morena<\/b>), afirm\u00f3 que en <b>M\u00e9xico<\/b> los cr\u00edmenes de odio han ido en aumento desde 2017 a 2021, pues en ese lustro se han registrado 461 descesos de personas <b>LGBTIQ+<\/b>, de acuerdo a una encuesta realizada por LetraEse.<\/p>\n<p>A su vez, las cifras de esta asociaci\u00f3n civil mencionan que tan solo en <b>2021<\/b> hubo al menos <b>78 muertes<\/b> violentas por motivos presuntamente relacionados con la orientaci\u00f3n sexual.<\/p>\n<p>Adem\u00e1s, el legislador mencion\u00f3 que la <b>Comisi\u00f3n Nacional de B\u00fasqueda<\/b>, report\u00f3 un incremento en el n\u00famero de personas desaparecidas pertenecientes a la comunidad LGBTIQ+ a partir del 2021.<\/p>\n<p>Seg\u00fan cifras brindadas por el diputado, los atentados contra integrantes de este sector pas\u00f3 de 1 a 3 en 2020; 6 en 2021; 7 en 2022, y en lo que va de este a\u00f1o se han registrado 8, por lo que 2023 ha sido el a\u00f1o donde m\u00e1s se han presentado desapariciones.<\/p>\n<p>Por otra parte, agreg\u00f3 que de acuerdo a la <b>Encuesta Nacional sobre Diversidad Sexual y de G\u00e9nero <\/b>(ENDISEG) 2021, realizada por el <b>Instituto Nacional de Estad\u00edstica y Geograf\u00eda<\/b> (INEGI), en el pa\u00eds 4.8% de la poblaci\u00f3n del pa\u00eds se identifica con alguna orientaci\u00f3n sexual diversa.<\/p>\n<p>Sin embargo, enfatiz\u00f3 que a pesar de estos resultados, muchas personas LGBTIQ+ son discriminadas en el \u00e1mbito familiar y laboral, por lo que muchas se ven obligadas a huir de sus hogares o que les ha impedido acceder a un puesto de trabajo bien remunerado.<\/p>\n<p>Durante el acto conmemorativo del <b>D\u00eda contra la LGBTfobia<\/b>, el activista <b>Jonathan Alejandre Pizan<\/b>, originario de P\u00e1tzcuaro, coment\u00f3 que en las comunidades originarias ha sido un camino complejo llevar a cabo la lucha por los derechos de la comunidad debido a los usos y costumbres de las poblaciones ind\u00edgenas.<\/p>\n<p>Es de recordar que a partir de 2022, el gobernador de Michoac\u00e1n, <b>Alfredo Ram\u00edrez Bedolla<\/b>, instaur\u00f3 el D\u00eda contra la LGBTfobia en el estado; el cual era nombrado anteriormente como <b>D\u00eda contra la Homofobia<\/b> y que se conmemora cada 17 de mayo para recordar y visibilizar la violencia que han sufrido las personas disidentes en la sociedad.<\/p>\n<p><b>S\u00edguenos en Facebook<\/b>: <a href=\"https:\/\/www.facebook.com\/ElSolDemorelia.OEM\/\" target=\"_blank\" rel=\"Follow noopener\">El Sol de Morelia<\/a><\/p>\n<\/div>\n<p><script>(function(d, s, id) {\nvar js, fjs = d.getElementsByTagName(s)[0];\nif (d.getElementById(id)) return;\njs = d.createElement(s); js.id = id;\njs.src = 'https:\/\/connect.facebook.net\/es_LA\/sdk.js#xfbml=1&version=v3.2&appId=2304818722879035&autoLogAppEvents=1';\nfjs.parentNode.insertBefore(js, fjs);\n}(document, 'script', 'facebook-jssdk'));\n<\/script><\/p>\n","protected":false},"excerpt":{"rendered":"<p>Javier Guerrero | El Sol de Morelia Morelia, Michoac\u00e1n (OEM-Infomex).- Juan Carlos Barrag\u00e1n V\u00e9lez, diputado de Movimiento Regeneraci\u00f3n Nacional (Morena), afirm\u00f3 que en M\u00e9xico los cr\u00edmenes de odio han ido en aumento desde 2017 a 2021, pues en ese lustro se han registrado 461 descesos de personas LGBTIQ+, de acuerdo a una encuesta realizada por [&hellip;]<\/p>\n","protected":false},"author":2,"featured_media":10193,"comment_status":"","ping_status":"","sticky":false,"template":"","format":"standard","meta":{"_monsterinsights_skip_tracking":false,"_monsterinsights_sitenote_active":false,"_monsterinsights_sitenote_note":"","_monsterinsights_sitenote_category":0,"footnotes":""},"categories":[7],"tags":[],"class_list":["post-10192","post","type-post","status-publish","format-standard","has-post-thumbnail","hentry","category-michoacan"],"_links":{"self":[{"href":"https:\/\/informebajio.com.mx\/index.php?rest_route=\/wp\/v2\/posts\/10192","targetHints":{"allow":["GET"]}}],"collection":[{"href":"https:\/\/informebajio.com.mx\/index.php?rest_route=\/wp\/v2\/posts"}],"about":[{"href":"https:\/\/informebajio.com.mx\/index.php?rest_route=\/wp\/v2\/types\/post"}],"author":[{"embeddable":true,"href":"https:\/\/informebajio.com.mx\/index.php?rest_route=\/wp\/v2\/users\/2"}],"replies":[{"embeddable":true,"href":"https:\/\/informebajio.com.mx\/index.php?rest_route=%2Fwp%2Fv2%2Fcomments&post=10192"}],"version-history":[{"count":0,"href":"https:\/\/informebajio.com.mx\/index.php?rest_route=\/wp\/v2\/posts\/10192\/revisions"}],"wp:featuredmedia":[{"embeddable":true,"href":"https:\/\/informebajio.com.mx\/index.php?rest_route=\/wp\/v2\/media\/10193"}],"wp:attachment":[{"href":"https:\/\/informebajio.com.mx\/index.php?rest_route=%2Fwp%2Fv2%2Fmedia&parent=10192"}],"wp:term":[{"taxonomy":"category","embeddable":true,"href":"https:\/\/informebajio.com.mx\/index.php?rest_route=%2Fwp%2Fv2%2Fcategories&post=10192"},{"taxonomy":"post_tag","embeddable":true,"href":"https:\/\/informebajio.com.mx\/index.php?rest_route=%2Fwp%2Fv2%2Ftags&post=10192"}],"curies":[{"name":"wp","href":"https:\/\/api.w.org\/{rel}","templated":true}]}}