{"id":10229,"date":"2023-05-19T11:13:48","date_gmt":"2023-05-19T16:13:48","guid":{"rendered":"https:\/\/informebajio.com.mx\/?p=10229"},"modified":"2023-05-19T11:13:48","modified_gmt":"2023-05-19T16:13:48","slug":"sin-discusion-reconocen-a-la-normal-de-arteaga-con-merito-docente","status":"publish","type":"post","link":"https:\/\/informebajio.com.mx\/?p=10229","title":{"rendered":"Sin discusi\u00f3n, reconocen a la Normal de Arteaga con M\u00e9rito Docente"},"content":{"rendered":"<div id=\"content-body-5851641-10079784\">\n<p>Morelia, Michoac\u00e1n (OEM-Infomex).- Sin ninguna discusi\u00f3n y de manera un\u00e1nime, el <b>Congreso<\/b> local aprob\u00f3 entregar la <b>Presea al M\u00e9rito Docente 2023<\/b> al <b>Centro Regional de Educaci\u00f3n Normal de Arteaga<\/b>, misma que ser\u00e1 otorgada este mismo mi\u00e9rcoles en un evento en el segundo patio de Palacio Legislativo. <\/p>\n<p>La Presea ser\u00e1 entregada a las 16:00 horas durante un evento protocolario donde se prev\u00e9 la presencia del secretario de gobierno, Carlos Torres Pi\u00f1a; la secretaria de Educaci\u00f3n, Gabriela Molina Aguilar, as\u00ed como alumnos y directores del Centro Regional de Educaci\u00f3n Normal de Arteaga.<\/p>\n<p>La \u00fanica propuesta que arrib\u00f3 al Congreso para ser recipiendario de la Presea fue la que aprobaron los diputados locales este mismo d\u00eda en sesi\u00f3n extraordinaria, y aunque <b>no hubo otros interesados supuestamente por la falta de difusi\u00f3n de la convocatoria<\/b>, los legisladores no la declararon como desierta. <\/p>\n<p>Cuando se lleg\u00f3 al punto de la orden del d\u00eda de la Presea al M\u00e9rito Docente 2023, ninguno de los diputados asistentes a la sesi\u00f3n hizo alg\u00fan comentario sobre el por qu\u00e9 se entregar\u00e1 la condecoraci\u00f3n al Centro Regional de Educaci\u00f3n Normal de Arteaga, mientras que en el momento de la votaci\u00f3n, tampoco se emiti\u00f3 alguno en contra o abstenciones. <\/p>\n<article class=\"local&#10;media col-md-4 inline-story \">\n<\/article>\n<p>La presidenta de la Comisi\u00f3n de Educaci\u00f3n, Belinda Hurtado Mar\u00edn, reiter\u00f3 que la responsabilidad de subir al pleno la \u00fanica propuesta que lleg\u00f3 al Congreso fue de los integrantes de la Junta de Coordinaci\u00f3n Pol\u00edtica (Jucopo), quienes pudieron declarar desierta la convocatoria. <\/p>\n<p>Al ser cuestionada sobre las acusaciones sobre presuntos actos de corrupci\u00f3n sobre venta de ex\u00e1menes en las que ha estado inmersa la propia Normal de Arteaga, la diputada del Partido del Trabajo (PT) respondi\u00f3 que la Presea ser\u00e1 entregada a la instituci\u00f3n educativa que cuenta con m\u00e1s de 50 a\u00f1os de formar profesores. <\/p>\n<p>Sin embargo, tambi\u00e9n se le indic\u00f3 que la mayor\u00eda de las denuncias son los bloqueos, el secuestro de veh\u00edculos y la quema de autobuses que tambi\u00e9n ha realizado no solo los estudiantes de la Normal de Arteaga sino de las dem\u00e1s Normales, a lo que la legisladora petista respondi\u00f3 que no se puede s\u00f3lo encasillar en ese sentido a la instituci\u00f3n, sino en la formaci\u00f3n de miles de j\u00f3venes como profesores que acuden a dar clases a las comunidades m\u00e1s marginadas de la entidad.<\/p>\n<\/div>\n<p><script>(function(d, s, id) {\nvar js, fjs = d.getElementsByTagName(s)[0];\nif (d.getElementById(id)) return;\njs = d.createElement(s); js.id = id;\njs.src = 'https:\/\/connect.facebook.net\/es_LA\/sdk.js#xfbml=1&version=v3.2&appId=2304818722879035&autoLogAppEvents=1';\nfjs.parentNode.insertBefore(js, fjs);\n}(document, 'script', 'facebook-jssdk'));\n<\/script><\/p>\n","protected":false},"excerpt":{"rendered":"<p>Morelia, Michoac\u00e1n (OEM-Infomex).- Sin ninguna discusi\u00f3n y de manera un\u00e1nime, el Congreso local aprob\u00f3 entregar la Presea al M\u00e9rito Docente 2023 al Centro Regional de Educaci\u00f3n Normal de Arteaga, misma que ser\u00e1 otorgada este mismo mi\u00e9rcoles en un evento en el segundo patio de Palacio Legislativo. La Presea ser\u00e1 entregada a las 16:00 horas durante [&hellip;]<\/p>\n","protected":false},"author":2,"featured_media":10230,"comment_status":"","ping_status":"","sticky":false,"template":"","format":"standard","meta":{"_monsterinsights_skip_tracking":false,"_monsterinsights_sitenote_active":false,"_monsterinsights_sitenote_note":"","_monsterinsights_sitenote_category":0,"footnotes":""},"categories":[7],"tags":[],"class_list":["post-10229","post","type-post","status-publish","format-standard","has-post-thumbnail","hentry","category-michoacan"],"_links":{"self":[{"href":"https:\/\/informebajio.com.mx\/index.php?rest_route=\/wp\/v2\/posts\/10229","targetHints":{"allow":["GET"]}}],"collection":[{"href":"https:\/\/informebajio.com.mx\/index.php?rest_route=\/wp\/v2\/posts"}],"about":[{"href":"https:\/\/informebajio.com.mx\/index.php?rest_route=\/wp\/v2\/types\/post"}],"author":[{"embeddable":true,"href":"https:\/\/informebajio.com.mx\/index.php?rest_route=\/wp\/v2\/users\/2"}],"replies":[{"embeddable":true,"href":"https:\/\/informebajio.com.mx\/index.php?rest_route=%2Fwp%2Fv2%2Fcomments&post=10229"}],"version-history":[{"count":0,"href":"https:\/\/informebajio.com.mx\/index.php?rest_route=\/wp\/v2\/posts\/10229\/revisions"}],"wp:featuredmedia":[{"embeddable":true,"href":"https:\/\/informebajio.com.mx\/index.php?rest_route=\/wp\/v2\/media\/10230"}],"wp:attachment":[{"href":"https:\/\/informebajio.com.mx\/index.php?rest_route=%2Fwp%2Fv2%2Fmedia&parent=10229"}],"wp:term":[{"taxonomy":"category","embeddable":true,"href":"https:\/\/informebajio.com.mx\/index.php?rest_route=%2Fwp%2Fv2%2Fcategories&post=10229"},{"taxonomy":"post_tag","embeddable":true,"href":"https:\/\/informebajio.com.mx\/index.php?rest_route=%2Fwp%2Fv2%2Ftags&post=10229"}],"curies":[{"name":"wp","href":"https:\/\/api.w.org\/{rel}","templated":true}]}}