{"id":10273,"date":"2023-05-19T22:26:24","date_gmt":"2023-05-20T03:26:24","guid":{"rendered":"https:\/\/informebajio.com.mx\/?p=10273"},"modified":"2023-05-19T22:26:24","modified_gmt":"2023-05-20T03:26:24","slug":"dirigentes-de-agricultores-se-reuniran-con-el-titular-de-la-sader","status":"publish","type":"post","link":"https:\/\/informebajio.com.mx\/?p=10273","title":{"rendered":"Dirigentes de agricultores se reunir\u00e1n con el titular de la Sader"},"content":{"rendered":"<div id=\"content_nitf\">\n<p>Dirigentes de productores de Sonora, Sinaloa y Baja California pactaron, por conducto del Consejo Nacional Agropecuario, una reuni\u00f3n con el titular de la Secretar\u00eda de Agricultura y Desarrollo Rural (Sader), V\u00edctor Villalobos Ar\u00e1mbula, con quien buscar\u00e1n llegar a un acuerdo sobre los precios por tonelada de trigo y ma\u00edz y la entrega de subsidios.<\/p>\n<p>En tanto, trigueros del Valle de Mexicali mantienen el plant\u00f3n que instalaron el pasado 19 de abril en el Centro de Gobierno de Baja California y en la empresa harinera La Moderna.<\/p>\n<p>Exigen un precio de 8 mil pesos por tonelada; sin embargo, los industriales s\u00f3lo ofrecen 5 mil 150 pesos. Adem\u00e1s, existe una oferta de 500 pesos de aportaciones de los gobiernos municipal, estatal y federal.<\/p>\n<p>Los agricultores se encuentran en asamblea permanente para decidir las movilizaciones que emprender\u00e1n, entre ellas bloquear el acceso a la empresa Agrovisi\u00f3n.<\/p>\n<p>En Sonora, los campesinos del Valle del Yaqui se ubicaron frente a la Sader, en Ciudad Obreg\u00f3n, municipio de Cajeme, en el sur del estado, y <em>tomaron<\/em> las oficinas.<\/p>\n<p>Luis Antonio Castro Cruz, presidente del distrito de riego del r\u00edo Yaqui, indic\u00f3 que los productores de la entidad se mantendr\u00e1n en la lucha hasta conseguir un planteamiento definitivo que brinde un precio justo a sus cosechas.<\/p>\n<p>Pidieron tambi\u00e9n a las autoridades federales un precio de garant\u00eda de 8 mil pesos para la tonelada de trigo y de 7 mil pesos para la tonelada de ma\u00edz, mientras el ofrecimiento de la Federaci\u00f3n es de 5 mil 440 pesos.<\/p>\n<h3>Confirman audiencia con el titular de SG el viernes<\/h3>\n<p>El gobernador de Sinaloa, Rub\u00e9n Rocha Moya, inform\u00f3 que el pr\u00f3ximo viernes el secretario de Gobernaci\u00f3n, Ad\u00e1n Augusto L\u00f3pez Hern\u00e1ndez, recibir\u00e1 una comisi\u00f3n de 10 productores agr\u00edcolas en la Ciudad de M\u00e9xico.<\/p>\n<p>La reuni\u00f3n se confirm\u00f3 luego de que los labriegos liberaron las instalaciones de Petr\u00f3leos Mexicanos que bloqueaban en Topolobampo, Guam\u00fachil y Culiac\u00e1n, como medida de presi\u00f3n para exigir que el precio de garant\u00eda del ma\u00edz y el trigo sea de 7 mil y 8 mil pesos por tonelada, respectivamente. \u201cVayan, aprovechen y propongan todo lo que quieran, no den por hecho que les van a decir que no\u201d, dijo.<\/p>\n<\/div>\n<p><script>\n      !function(f,b,e,v,n,t,s)\n      {if(f.fbq)return;n=f.fbq=function(){n.callMethod?\n      n.callMethod.apply(n,arguments):n.queue.push(arguments)};\n      if(!f._fbq)f._fbq=n;n.push=n;n.loaded=!0;n.version='2.0';\n      n.queue=[];t=b.createElement(e);t.async=!0;\n      t.src=v;s=b.getElementsByTagName(e)[0];\n      s.parentNode.insertBefore(t,s)}(window, document,'script',\n      'https:\/\/connect.facebook.net\/en_US\/fbevents.js');\n      fbq('init', '133913093805922');\n      fbq('track', 'PageView');\n      fbq('track', 'Contact');\n      fbq('track', 'Donate');\n      fbq('track', 'FindLocation');\n      fbq('track', 'Lead');\n      fbq('track', 'Search');\n      fbq('track', 'Subscribe', {value: '0.00', currency: 'MXN', predicted_ltv: '0.00'});\n      fbq('track', 'ViewContent');\n    <\/script><script type=\"text\/javascript\">(function(d, s, id) {\n\t  var js, fjs = d.getElementsByTagName(s)[0];\n\t  if (d.getElementById(id)) return;\n\t  js = d.createElement(s); js.id = id;\n\t  js.src = \"\/\/connect.facebook.net\/es_LA\/sdk.js#xfbml=1&amp;version=v3.3&amp;appId=774389309362880\";\n\t  fjs.parentNode.insertBefore(js, fjs);\n\t}(document, 'script', 'facebook-jssdk'));<\/script><\/p>\n","protected":false},"excerpt":{"rendered":"<p>Dirigentes de productores de Sonora, Sinaloa y Baja California pactaron, por conducto del Consejo Nacional Agropecuario, una reuni\u00f3n con el titular de la Secretar\u00eda de Agricultura y Desarrollo Rural (Sader), V\u00edctor Villalobos Ar\u00e1mbula, con quien buscar\u00e1n llegar a un acuerdo sobre los precios por tonelada de trigo y ma\u00edz y la entrega de subsidios. En [&hellip;]<\/p>\n","protected":false},"author":2,"featured_media":10274,"comment_status":"","ping_status":"","sticky":false,"template":"","format":"standard","meta":{"_monsterinsights_skip_tracking":false,"_monsterinsights_sitenote_active":false,"_monsterinsights_sitenote_note":"","_monsterinsights_sitenote_category":0,"footnotes":""},"categories":[9],"tags":[],"class_list":["post-10273","post","type-post","status-publish","format-standard","has-post-thumbnail","hentry","category-deportes"],"_links":{"self":[{"href":"https:\/\/informebajio.com.mx\/index.php?rest_route=\/wp\/v2\/posts\/10273","targetHints":{"allow":["GET"]}}],"collection":[{"href":"https:\/\/informebajio.com.mx\/index.php?rest_route=\/wp\/v2\/posts"}],"about":[{"href":"https:\/\/informebajio.com.mx\/index.php?rest_route=\/wp\/v2\/types\/post"}],"author":[{"embeddable":true,"href":"https:\/\/informebajio.com.mx\/index.php?rest_route=\/wp\/v2\/users\/2"}],"replies":[{"embeddable":true,"href":"https:\/\/informebajio.com.mx\/index.php?rest_route=%2Fwp%2Fv2%2Fcomments&post=10273"}],"version-history":[{"count":0,"href":"https:\/\/informebajio.com.mx\/index.php?rest_route=\/wp\/v2\/posts\/10273\/revisions"}],"wp:featuredmedia":[{"embeddable":true,"href":"https:\/\/informebajio.com.mx\/index.php?rest_route=\/wp\/v2\/media\/10274"}],"wp:attachment":[{"href":"https:\/\/informebajio.com.mx\/index.php?rest_route=%2Fwp%2Fv2%2Fmedia&parent=10273"}],"wp:term":[{"taxonomy":"category","embeddable":true,"href":"https:\/\/informebajio.com.mx\/index.php?rest_route=%2Fwp%2Fv2%2Fcategories&post=10273"},{"taxonomy":"post_tag","embeddable":true,"href":"https:\/\/informebajio.com.mx\/index.php?rest_route=%2Fwp%2Fv2%2Ftags&post=10273"}],"curies":[{"name":"wp","href":"https:\/\/api.w.org\/{rel}","templated":true}]}}