{"id":10325,"date":"2023-05-20T18:29:45","date_gmt":"2023-05-20T23:29:45","guid":{"rendered":"https:\/\/informebajio.com.mx\/?p=10325"},"modified":"2023-05-20T18:29:45","modified_gmt":"2023-05-20T23:29:45","slug":"protestan-taxistas-en-garita-de-tijuana-cierran-cruce-internacional","status":"publish","type":"post","link":"https:\/\/informebajio.com.mx\/?p=10325","title":{"rendered":"Protestan taxistas en garita de Tijuana; cierran cruce internacional"},"content":{"rendered":"<div id=\"article-content-tts\">\n<div id=\"content_nitf\">\n<p><em>Tijuana, BC.<\/em> Taxistas colectivos de diferentes agrupaciones, caminaron esta tarde hasta las puertas de acceso a Estados Unidos -lo que provoc\u00f3 que la Patrulla Fronteriza cerrar\u00e1 parcialmente el cruce internacional Tijuana-San Diego- en protesta por el plan de reordenamiento del Instituto de Movilidad Sustentable (IMOS) del estado, que pretende restringir el n\u00famero de unidades que circulan por una de las vialidades primarias de la ciudad -el bulevar Diaz Ordaz y su continuaci\u00f3n, Agua Caliente-, y obligarlos as\u00ed a dar servicio en zonas m\u00e1s apartadas.<\/p>\n<p>La garita de San Ysidro fue la \u00faltima estaci\u00f3n de un d\u00eda de movilizaciones y bloqueos por parte de los transportistas, sobre todo los Rojo y Negro (su nombre est\u00e1 asociado al color de la pintura de sus unidades), que empezaron taponando la carretera libre Tijuana-Tecate, despu\u00e9s se fueron al bulevar 2000 -que comunica con el municipio de Playas de Rosarito-, y terminaron tomando el centro de la ciudad y la zona del cruce fronterizo, estrangulando la ciudad.<\/p>\n<p>No s\u00f3lo se movilizaron la Guardia Nacional y las polic\u00edas estatal y municipal, sino que la Patrulla Fronteriza, puso en practica algunos de los ejercicios ensayados hace algunos d\u00edas para cerrar la frontera en caso de que grupos de migrantes intentaran un cruce masivo.<\/p>\n<p>El cierre fronterizo fue de apenas unos minutos, pero como la garita est\u00e1 en plena zona habitacional y comercial, el tr\u00e1fico se impacto toda la zona R\u00edo. Una vez liberada, la circulaci\u00f3n fluyo hacia Estados Unidos de forma ordinaria.<\/p>\n<p>Los taxistas reclaman que el plan de movilidad del gobierno estatal afectar\u00e1 su patrimonio porque circular por zonas con menos pasaje -o s\u00f3lo con demanda en ciertos d\u00edas y horarios- repercutir\u00e1 en sus ingresos. El problema del transporte en la ciudad se agudiz\u00f3 hace dos trienios cuando el entonces alcalde priista Jorge Astiazar\u00e1n quiso poner en marcha un sistema de transporte articulado como el Metrob\u00fas que nunca lleg\u00f3 a ser, pero en una negociaci\u00f3n con los transportistas entreg\u00f3 decenas de concesiones.<\/p>\n<\/div>\n<\/div>\n<p><script>\n      !function(f,b,e,v,n,t,s)\n      {if(f.fbq)return;n=f.fbq=function(){n.callMethod?\n      n.callMethod.apply(n,arguments):n.queue.push(arguments)};\n      if(!f._fbq)f._fbq=n;n.push=n;n.loaded=!0;n.version='2.0';\n      n.queue=[];t=b.createElement(e);t.async=!0;\n      t.src=v;s=b.getElementsByTagName(e)[0];\n      s.parentNode.insertBefore(t,s)}(window, document,'script',\n      'https:\/\/connect.facebook.net\/en_US\/fbevents.js');\n      fbq('init', '133913093805922');\n      fbq('track', 'PageView');\n      fbq('track', 'Contact');\n      fbq('track', 'Donate');\n      fbq('track', 'FindLocation');\n      fbq('track', 'Lead');\n      fbq('track', 'Search');\n      fbq('track', 'Subscribe', {value: '0.00', currency: 'MXN', predicted_ltv: '0.00'});\n      fbq('track', 'ViewContent');\n    <\/script><script type=\"text\/javascript\">(function(d, s, id) {\n\t  var js, fjs = d.getElementsByTagName(s)[0];\n\t  if (d.getElementById(id)) return;\n\t  js = d.createElement(s); js.id = id;\n\t  js.src = \"\/\/connect.facebook.net\/es_LA\/sdk.js#xfbml=1&amp;version=v3.3&amp;appId=774389309362880\";\n\t  fjs.parentNode.insertBefore(js, fjs);\n\t}(document, 'script', 'facebook-jssdk'));<\/script><\/p>\n","protected":false},"excerpt":{"rendered":"<p>Tijuana, BC. Taxistas colectivos de diferentes agrupaciones, caminaron esta tarde hasta las puertas de acceso a Estados Unidos -lo que provoc\u00f3 que la Patrulla Fronteriza cerrar\u00e1 parcialmente el cruce internacional Tijuana-San Diego- en protesta por el plan de reordenamiento del Instituto de Movilidad Sustentable (IMOS) del estado, que pretende restringir el n\u00famero de unidades que [&hellip;]<\/p>\n","protected":false},"author":2,"featured_media":10326,"comment_status":"","ping_status":"","sticky":false,"template":"","format":"standard","meta":{"_monsterinsights_skip_tracking":false,"_monsterinsights_sitenote_active":false,"_monsterinsights_sitenote_note":"","_monsterinsights_sitenote_category":0,"footnotes":""},"categories":[9],"tags":[],"class_list":["post-10325","post","type-post","status-publish","format-standard","has-post-thumbnail","hentry","category-deportes"],"_links":{"self":[{"href":"https:\/\/informebajio.com.mx\/index.php?rest_route=\/wp\/v2\/posts\/10325","targetHints":{"allow":["GET"]}}],"collection":[{"href":"https:\/\/informebajio.com.mx\/index.php?rest_route=\/wp\/v2\/posts"}],"about":[{"href":"https:\/\/informebajio.com.mx\/index.php?rest_route=\/wp\/v2\/types\/post"}],"author":[{"embeddable":true,"href":"https:\/\/informebajio.com.mx\/index.php?rest_route=\/wp\/v2\/users\/2"}],"replies":[{"embeddable":true,"href":"https:\/\/informebajio.com.mx\/index.php?rest_route=%2Fwp%2Fv2%2Fcomments&post=10325"}],"version-history":[{"count":0,"href":"https:\/\/informebajio.com.mx\/index.php?rest_route=\/wp\/v2\/posts\/10325\/revisions"}],"wp:featuredmedia":[{"embeddable":true,"href":"https:\/\/informebajio.com.mx\/index.php?rest_route=\/wp\/v2\/media\/10326"}],"wp:attachment":[{"href":"https:\/\/informebajio.com.mx\/index.php?rest_route=%2Fwp%2Fv2%2Fmedia&parent=10325"}],"wp:term":[{"taxonomy":"category","embeddable":true,"href":"https:\/\/informebajio.com.mx\/index.php?rest_route=%2Fwp%2Fv2%2Fcategories&post=10325"},{"taxonomy":"post_tag","embeddable":true,"href":"https:\/\/informebajio.com.mx\/index.php?rest_route=%2Fwp%2Fv2%2Ftags&post=10325"}],"curies":[{"name":"wp","href":"https:\/\/api.w.org\/{rel}","templated":true}]}}