{"id":10363,"date":"2023-05-21T09:40:37","date_gmt":"2023-05-21T14:40:37","guid":{"rendered":"https:\/\/informebajio.com.mx\/?p=10363"},"modified":"2023-05-21T09:40:37","modified_gmt":"2023-05-21T14:40:37","slug":"lluvias-como-anillo-al-dedo-para-queretaro","status":"publish","type":"post","link":"https:\/\/informebajio.com.mx\/?p=10363","title":{"rendered":"Lluvias como \u201canillo al dedo\u201d para Quer\u00e9taro"},"content":{"rendered":"<div id=\"content-body-5851641-10094646\">\n<p><b>Ante la sequ\u00eda <\/b>que se presenta en la mayor\u00eda de municipios, en el estado de Quer\u00e9taro<b> se espera con ansias la llegada de las lluvias,<\/b> pues esto <b>permitir\u00eda que las presas de la entidad se llenen, <\/b>toda vez que en la actualidad algunas est\u00e1n completamente vac\u00edas, afirm\u00f3 el director general de la Coordinaci\u00f3n Estatal de<b> Protecci\u00f3n Civil <\/b>del Estado de Quer\u00e9taro, <b>Javier Amaya Torres.<\/b><\/p>\n<p>Refiri\u00f3 que la temporada de lluvias de este a\u00f1o<b> se proyecta que haya una cantidad de agua abundante<\/b> en la parte central del pa\u00eds, lo cual vendr\u00eda <i><b>\u201ccomo anillo al dedo\u201d <\/b><\/i>al estado de Quer\u00e9taro, toda vez que con las precipitaciones pronosticadas se pueden llenar las presas que actualmente se encuentran secas, tales como la Constituci\u00f3n de 1917 y La Llave, en San Juan del R\u00edo. <\/p>\n<p><i>\u201cPara principios de julio estamos esperando que se incremente la cantidad de agua, esperemos que as\u00ed sea. El agua es buena, trae m\u00e1s beneficios que problemas, la verdad que la estamos esperando con muchas ganas (\u2026). Va muy mal (la sequ\u00eda). O sea, la verdad es que estamos esperando con ansias aqu\u00ed en Quer\u00e9taro el agua y el pron\u00f3stico nos dice que va a llegar agua, es lo que nos dicen en la Conagua y en la Coordinaci\u00f3n Nacional de Protecci\u00f3n Civil\u201d,<\/i> afirm\u00f3. <\/p>\n<p>En ese sentido, a\u00f1adi\u00f3 que existen <b>problemas de almacenamiento por la misma condici\u00f3n de sequ\u00eda<\/b> que presentan la mayor\u00eda de cuerpos de agua, principalmente las presas del estado. Ante ello, dijo que existe buena expectativa para que <b>estos sitios vuelvan a recuperar su capacidad<\/b>, pues el agua es un recurso necesario. <\/p>\n<p>Refiri\u00f3 que el inicio oficial de la temporada de lluvias fue el pasado 15 de mayo y que <b>las precipitaciones que se presentar\u00e1n <\/b>durante este primer mes corresponden al <b>Fen\u00f3meno de la Ni\u00f1a<\/b>. Despu\u00e9s de este periodo, afirm\u00f3, la ca\u00edda de agua en el centro del pa\u00eds podr\u00eda intensificarse pues se entrar\u00eda a lo que se conoce como el <b>Fen\u00f3meno del Ni\u00f1o<\/b>, el cual<b> iniciar\u00eda a mediados o finales de junio, e inclusive inicios de julio. <\/b><\/p>\n<p><i>\u201cEl Fen\u00f3meno del ni\u00f1o es el que va a traer m\u00e1s agua. Ahorita ya est\u00e1n cayendo algunas lluvias, no tenemos problemas de almacenamiento porque tenemos much\u00edsimo almacenamiento libre, las presas est\u00e1n pr\u00e1cticamente secas (\u2026). El pron\u00f3stico es que vamos a tener una temporada con agua suficiente para poder llenar otra vez las presas\u201d,<\/i> indic\u00f3. <\/p>\n<p><b>\u27a1\ufe0f <\/b><a href=\"https:\/\/oem.us16.list-manage.com\/subscribe?u=c04a811ee61dc85305bf7133b&amp;id=f1b85ee5bb\"><b>Suscr\u00edbete a nuestro Newsletter y recibe las notas m\u00e1s relevantes en tu correo<\/b><\/a><b\/><\/p>\n<p>Finalmente, dijo que de acuerdo a los pron\u00f3sticos de la<b> Comisi\u00f3n Nacional del Agua<\/b> (Conagua), <b>la temporada de lluvias de este 2023 podr\u00eda durar hasta diciembre,<\/b> lo que contribuir\u00eda al llenado de los vasos captadores del estado.<\/p>\n<\/div>\n<p><script>(function(d, s, id) {\nvar js, fjs = d.getElementsByTagName(s)[0];\nif (d.getElementById(id)) return;\njs = d.createElement(s); js.id = id;\njs.src = 'https:\/\/connect.facebook.net\/es_LA\/sdk.js#xfbml=1&version=v3.2&appId=232029482016746&autoLogAppEvents=1';\nfjs.parentNode.insertBefore(js, fjs);\n}(document, 'script', 'facebook-jssdk'));\n<\/script><\/p>\n","protected":false},"excerpt":{"rendered":"<p>Ante la sequ\u00eda que se presenta en la mayor\u00eda de municipios, en el estado de Quer\u00e9taro se espera con ansias la llegada de las lluvias, pues esto permitir\u00eda que las presas de la entidad se llenen, toda vez que en la actualidad algunas est\u00e1n completamente vac\u00edas, afirm\u00f3 el director general de la Coordinaci\u00f3n Estatal de [&hellip;]<\/p>\n","protected":false},"author":2,"featured_media":10364,"comment_status":"","ping_status":"","sticky":false,"template":"","format":"standard","meta":{"_monsterinsights_skip_tracking":false,"_monsterinsights_sitenote_active":false,"_monsterinsights_sitenote_note":"","_monsterinsights_sitenote_category":0,"footnotes":""},"categories":[6],"tags":[],"class_list":["post-10363","post","type-post","status-publish","format-standard","has-post-thumbnail","hentry","category-san-juan-del-rio"],"_links":{"self":[{"href":"https:\/\/informebajio.com.mx\/index.php?rest_route=\/wp\/v2\/posts\/10363","targetHints":{"allow":["GET"]}}],"collection":[{"href":"https:\/\/informebajio.com.mx\/index.php?rest_route=\/wp\/v2\/posts"}],"about":[{"href":"https:\/\/informebajio.com.mx\/index.php?rest_route=\/wp\/v2\/types\/post"}],"author":[{"embeddable":true,"href":"https:\/\/informebajio.com.mx\/index.php?rest_route=\/wp\/v2\/users\/2"}],"replies":[{"embeddable":true,"href":"https:\/\/informebajio.com.mx\/index.php?rest_route=%2Fwp%2Fv2%2Fcomments&post=10363"}],"version-history":[{"count":0,"href":"https:\/\/informebajio.com.mx\/index.php?rest_route=\/wp\/v2\/posts\/10363\/revisions"}],"wp:featuredmedia":[{"embeddable":true,"href":"https:\/\/informebajio.com.mx\/index.php?rest_route=\/wp\/v2\/media\/10364"}],"wp:attachment":[{"href":"https:\/\/informebajio.com.mx\/index.php?rest_route=%2Fwp%2Fv2%2Fmedia&parent=10363"}],"wp:term":[{"taxonomy":"category","embeddable":true,"href":"https:\/\/informebajio.com.mx\/index.php?rest_route=%2Fwp%2Fv2%2Fcategories&post=10363"},{"taxonomy":"post_tag","embeddable":true,"href":"https:\/\/informebajio.com.mx\/index.php?rest_route=%2Fwp%2Fv2%2Ftags&post=10363"}],"curies":[{"name":"wp","href":"https:\/\/api.w.org\/{rel}","templated":true}]}}