{"id":10389,"date":"2023-05-21T15:41:40","date_gmt":"2023-05-21T20:41:40","guid":{"rendered":"https:\/\/informebajio.com.mx\/?p=10389"},"modified":"2023-05-21T15:41:40","modified_gmt":"2023-05-21T20:41:40","slug":"germain-garfias-reitera-su-interes-en-la-presidencia-de-san-juan-del-rio","status":"publish","type":"post","link":"https:\/\/informebajio.com.mx\/?p=10389","title":{"rendered":"Germa\u00edn Garfias reitera su inter\u00e9s en la presidencia de San Juan del R\u00edo"},"content":{"rendered":"<div id=\"content-body-5851641-10092045\">\n<p>Germain Garfias Alc\u00e1ntara, diputado local de Acci\u00f3n Nacional (PAN), reiter\u00f3 su inter\u00e9s de <b>contender por la presidencia municipal de San Juan del R\u00edo<\/b> en el proceso electoral 2023-2024 por el partido blanquiazul.<\/p>\n<p>El legislador por el IX distrito local record\u00f3 que <b>en el proceso electoral 2020-2021 levant\u00f3 la mano<\/b> para contender por la presidencia municipal; sin embargo, Roberto Cabrera Valencia fue quien contendi\u00f3 y gan\u00f3 la elecci\u00f3n.<\/p>\n<p><i>\u201cEstoy muy interesado en trabajar por San Juan, recordar\u00e1n que esas ganas las tengo desde hace mucho tiempo y no se dieron las cosas en su momento, pero aqu\u00ed andamos, chambe\u00e1ndole duro porque la ciudadan\u00eda lo que espera es eso, que demos resultados\u201d,<\/i> dijo.<\/p>\n<p>Garfias Alc\u00e1ntara se\u00f1al\u00f3 que, finalmente, <b>ser\u00e1 el partido quien tome la decisi\u00f3n <\/b>de quien encabece la candidatura y enfatiz\u00f3 que es importante que haya unidad al interior de Acci\u00f3n Nacional (PAN) en dicha demarcaci\u00f3n.<\/p>\n<p><i>\u201cEsas ganas no se quitan, desde luego que s\u00ed tenemos mucho inter\u00e9s, pero tambi\u00e9n entendemos qu\u00e9 hay que ser respetuosos, no son los tiempos, y ya en su momento decidir\u00e1 el partido, se analizar\u00e1 cu\u00e1l ser\u00e1 el m\u00e9todo y adelante\u201d, <\/i>subray\u00f3.<\/p>\n<p>El diputado panista tambi\u00e9n coincidi\u00f3 en que <b>no se debe descuidar al municipio por el crecimiento que ha tenido Movimiento Regeneraci\u00f3n Nacional<\/b> (Morena), adem\u00e1s de que la demarcaci\u00f3n es de las que ha tenido alternancia. A\u00f1adi\u00f3 que, llegado el momento, ser\u00e1n los partidos pol\u00edticos quienes decidan si se requiere o no una alianza entre PAN, PRI y PRD.<\/p>\n<p><i>\u201cNo te puedo mentir, entendemos que San Juan del R\u00edo es un municipio en el cual se ha dado alternancia, y que vi\u00e9ndolo desde nuestra \u00f3ptica, no estando dentro del gobierno, vemos que s\u00ed ha crecido este partido pol\u00edtico Morena, pero a final de cuentas nos toca a nosotros redoblar esfuerzos\u201d, <\/i>expres\u00f3.<\/p>\n<p>Cuestionado sobre los aciertos y retos de Roberto Cabrera, el diputado consider\u00f3 que el alcalde ha estado activo en la calle con la sociedad y mencion\u00f3 que el edil tiene ganas de trabajar; sin embargo, refiri\u00f3 que hay colaboradores en la administraci\u00f3n que no tienen la misma intenci\u00f3n que el presidente municipal.<\/p>\n<p><b id=\"docs-internal-guid-fd217282-7fff-79b7-f244-5c6b81a7d6ae\"><b>\u27a1\ufe0f <\/b><a href=\"https:\/\/oem.us16.list-manage.com\/subscribe?u=c04a811ee61dc85305bf7133b&amp;id=f1b85ee5bb\"><b><u>Suscr\u00edbete a nuestro Newsletter y recibe las notas m\u00e1s relevantes en tu correo<\/u><\/b><\/a><\/b><\/p>\n<p><i>\u201cSe le ven las ganas, ese \u00edmpetu y amor por San Juan, pero creo que, siento yo, que algunos de sus colaboradores no traen ese mismo chip que \u00e9l desear\u00eda que tuvieran ellos. Creo que s\u00ed (debe haber cambios), pero es decisi\u00f3n de \u00e9l\u201d,<\/i> apunt\u00f3.<\/p>\n<p><b>En materia de seguridad, reconoci\u00f3 que es un tema complejo que se ha atendido con prioridad por la administraci\u00f3n municipal, aunque mencion\u00f3 que en caso de que no se obtengan los resultados esperados deber\u00eda haber ajustes en la corporaci\u00f3n policiaca.<\/b><\/p>\n<\/div>\n<p><script>(function(d, s, id) {\nvar js, fjs = d.getElementsByTagName(s)[0];\nif (d.getElementById(id)) return;\njs = d.createElement(s); js.id = id;\njs.src = 'https:\/\/connect.facebook.net\/es_LA\/sdk.js#xfbml=1&version=v3.2&appId=232029482016746&autoLogAppEvents=1';\nfjs.parentNode.insertBefore(js, fjs);\n}(document, 'script', 'facebook-jssdk'));\n<\/script><\/p>\n","protected":false},"excerpt":{"rendered":"<p>Germain Garfias Alc\u00e1ntara, diputado local de Acci\u00f3n Nacional (PAN), reiter\u00f3 su inter\u00e9s de contender por la presidencia municipal de San Juan del R\u00edo en el proceso electoral 2023-2024 por el partido blanquiazul. El legislador por el IX distrito local record\u00f3 que en el proceso electoral 2020-2021 levant\u00f3 la mano para contender por la presidencia municipal; [&hellip;]<\/p>\n","protected":false},"author":2,"featured_media":10390,"comment_status":"","ping_status":"","sticky":false,"template":"","format":"standard","meta":{"_monsterinsights_skip_tracking":false,"_monsterinsights_sitenote_active":false,"_monsterinsights_sitenote_note":"","_monsterinsights_sitenote_category":0,"footnotes":""},"categories":[6],"tags":[],"class_list":["post-10389","post","type-post","status-publish","format-standard","has-post-thumbnail","hentry","category-san-juan-del-rio"],"_links":{"self":[{"href":"https:\/\/informebajio.com.mx\/index.php?rest_route=\/wp\/v2\/posts\/10389","targetHints":{"allow":["GET"]}}],"collection":[{"href":"https:\/\/informebajio.com.mx\/index.php?rest_route=\/wp\/v2\/posts"}],"about":[{"href":"https:\/\/informebajio.com.mx\/index.php?rest_route=\/wp\/v2\/types\/post"}],"author":[{"embeddable":true,"href":"https:\/\/informebajio.com.mx\/index.php?rest_route=\/wp\/v2\/users\/2"}],"replies":[{"embeddable":true,"href":"https:\/\/informebajio.com.mx\/index.php?rest_route=%2Fwp%2Fv2%2Fcomments&post=10389"}],"version-history":[{"count":0,"href":"https:\/\/informebajio.com.mx\/index.php?rest_route=\/wp\/v2\/posts\/10389\/revisions"}],"wp:featuredmedia":[{"embeddable":true,"href":"https:\/\/informebajio.com.mx\/index.php?rest_route=\/wp\/v2\/media\/10390"}],"wp:attachment":[{"href":"https:\/\/informebajio.com.mx\/index.php?rest_route=%2Fwp%2Fv2%2Fmedia&parent=10389"}],"wp:term":[{"taxonomy":"category","embeddable":true,"href":"https:\/\/informebajio.com.mx\/index.php?rest_route=%2Fwp%2Fv2%2Fcategories&post=10389"},{"taxonomy":"post_tag","embeddable":true,"href":"https:\/\/informebajio.com.mx\/index.php?rest_route=%2Fwp%2Fv2%2Ftags&post=10389"}],"curies":[{"name":"wp","href":"https:\/\/api.w.org\/{rel}","templated":true}]}}