{"id":10397,"date":"2023-05-21T19:29:51","date_gmt":"2023-05-22T00:29:51","guid":{"rendered":"https:\/\/informebajio.com.mx\/?p=10397"},"modified":"2023-05-21T19:29:51","modified_gmt":"2023-05-22T00:29:51","slug":"error-humano-o-falla-electrica-posibles-causas-del-incendio-en-mercado-independencia","status":"publish","type":"post","link":"https:\/\/informebajio.com.mx\/?p=10397","title":{"rendered":"Error humano o falla el\u00e9ctrica, posibles causas del incendio en mercado Independencia"},"content":{"rendered":"<div id=\"content-body-225-10098365\">\n<p>Morelia, Michoac\u00e1n (OEM-Infomex).- <b>Un descuido humano o una falla el\u00e9ctrica<\/b> pudieron ser algunas de las <b>causas que originaron el incendio<\/b> durante la noche del s\u00e1bado pasado en el <b>mercado Independencia<\/b>, se\u00f1al\u00f3 el presidente municipal de <b>Morelia<\/b>, Alfonso Mart\u00ednez Alc\u00e1zar.<\/p>\n<p>El edil <b>descart\u00f3 la posibilidad que el incendio hubiera sido provocado<\/b>, sin embargo, coment\u00f3 que la Fiscal\u00eda General del Estado ya realiza la investigaci\u00f3n.<\/p>\n<p>Record\u00f3 que 144 locales se vieron afectados por el incendio, siendo en su mayor\u00eda los de art\u00edculos de fiesta, alfarer\u00eda, fruta y ropa.<\/p>\n<p>Personal de Servicios P\u00fablicos, Secretar\u00eda del Ayuntamiento, as\u00ed como Obra P\u00fablica atienden a los locatarios para que se les pueda recuperar un poco de su afectaci\u00f3n.<\/p>\n<p>Hasta el momento, el espacio se encuentra cerrado al p\u00fablico, esto para evitar alg\u00fan incidente, por lo que se solicit\u00f3 a la ciudadan\u00eda no acercarse al lugar.<\/p>\n<p>Recordar que de acuerdo a informaci\u00f3n proporcionada por el municipio, el siniestro comenz\u00f3 en punto de las 11:20 de la noche y se extendi\u00f3 durante la madrugada de este d\u00eda.<\/p>\n<\/div>\n<p><script>(function(d, s, id) {\nvar js, fjs = d.getElementsByTagName(s)[0];\nif (d.getElementById(id)) return;\njs = d.createElement(s); js.id = id;\njs.src = 'https:\/\/connect.facebook.net\/es_LA\/sdk.js#xfbml=1&version=v3.2&appId=2304818722879035&autoLogAppEvents=1';\nfjs.parentNode.insertBefore(js, fjs);\n}(document, 'script', 'facebook-jssdk'));\n<\/script><\/p>\n","protected":false},"excerpt":{"rendered":"<p>Morelia, Michoac\u00e1n (OEM-Infomex).- Un descuido humano o una falla el\u00e9ctrica pudieron ser algunas de las causas que originaron el incendio durante la noche del s\u00e1bado pasado en el mercado Independencia, se\u00f1al\u00f3 el presidente municipal de Morelia, Alfonso Mart\u00ednez Alc\u00e1zar. El edil descart\u00f3 la posibilidad que el incendio hubiera sido provocado, sin embargo, coment\u00f3 que la [&hellip;]<\/p>\n","protected":false},"author":2,"featured_media":10398,"comment_status":"","ping_status":"","sticky":false,"template":"","format":"standard","meta":{"_monsterinsights_skip_tracking":false,"_monsterinsights_sitenote_active":false,"_monsterinsights_sitenote_note":"","_monsterinsights_sitenote_category":0,"footnotes":""},"categories":[7],"tags":[],"class_list":["post-10397","post","type-post","status-publish","format-standard","has-post-thumbnail","hentry","category-michoacan"],"_links":{"self":[{"href":"https:\/\/informebajio.com.mx\/index.php?rest_route=\/wp\/v2\/posts\/10397","targetHints":{"allow":["GET"]}}],"collection":[{"href":"https:\/\/informebajio.com.mx\/index.php?rest_route=\/wp\/v2\/posts"}],"about":[{"href":"https:\/\/informebajio.com.mx\/index.php?rest_route=\/wp\/v2\/types\/post"}],"author":[{"embeddable":true,"href":"https:\/\/informebajio.com.mx\/index.php?rest_route=\/wp\/v2\/users\/2"}],"replies":[{"embeddable":true,"href":"https:\/\/informebajio.com.mx\/index.php?rest_route=%2Fwp%2Fv2%2Fcomments&post=10397"}],"version-history":[{"count":0,"href":"https:\/\/informebajio.com.mx\/index.php?rest_route=\/wp\/v2\/posts\/10397\/revisions"}],"wp:featuredmedia":[{"embeddable":true,"href":"https:\/\/informebajio.com.mx\/index.php?rest_route=\/wp\/v2\/media\/10398"}],"wp:attachment":[{"href":"https:\/\/informebajio.com.mx\/index.php?rest_route=%2Fwp%2Fv2%2Fmedia&parent=10397"}],"wp:term":[{"taxonomy":"category","embeddable":true,"href":"https:\/\/informebajio.com.mx\/index.php?rest_route=%2Fwp%2Fv2%2Fcategories&post=10397"},{"taxonomy":"post_tag","embeddable":true,"href":"https:\/\/informebajio.com.mx\/index.php?rest_route=%2Fwp%2Fv2%2Ftags&post=10397"}],"curies":[{"name":"wp","href":"https:\/\/api.w.org\/{rel}","templated":true}]}}