{"id":10411,"date":"2023-05-21T21:43:17","date_gmt":"2023-05-22T02:43:17","guid":{"rendered":"https:\/\/informebajio.com.mx\/?p=10411"},"modified":"2023-05-21T21:43:17","modified_gmt":"2023-05-22T02:43:17","slug":"reconocen-a-violinista-de-danzas-originario-de-san-juan-del-rio","status":"publish","type":"post","link":"https:\/\/informebajio.com.mx\/?p=10411","title":{"rendered":"Reconocen a violinista de danzas originario de San Juan del R\u00edo"},"content":{"rendered":"<div id=\"content-body-5851641-10096443\">\n<p>Continuar con las tradiciones no siempre es f\u00e1cil, sin embargo, para <b>Juvenal Hern\u00e1ndez Mej\u00eda, violinista<a rel=\"Follow noopener\" target=\"_self\" href=\"https:\/\/www.elsoldesanjuandelrio.com.mx\/local\/adrian-navarro-es-payasito-de-circo-9673338.html\"> originario del municipio <\/a>de San Juan del R\u00edo, <\/b>fue todo lo contrario, porque emanado de una familia de cultura y tradici\u00f3n, por muchos a\u00f1os se integr\u00f3 a las danzas tradicionales del Rey Sa\u00fal y Rey Celso de la regi\u00f3n. <\/p>\n<p><b>Hoy a sus 77 a\u00f1os de edad y con 25 a\u00f1os de trayectoria, <\/b>comparti\u00f3 que desde 1978 comenz\u00f3 a participar en las danzas sanjuanense y poco a poco fue como comenz\u00f3 a tocar el viol\u00edn, convirti\u00e9ndose en una pieza importante para los danzantes, quienes al conocer de sus interpretaciones, fue como se abri\u00f3 brecha para permanecer en ese \u00e1mbito.<\/p>\n<p>Don Juve, como mejor lo conocen en las danzas, comparti\u00f3 que es originario de<b> Santa Rosa Xajay,<\/b> pero desde muy joven se integr\u00f3 a los grupos de m\u00fasicos que amenizan las danzas patronales, pues al poseer una buena habilidad para manipular el viol\u00edn, fue como dijo que comenz\u00f3 a ser contratado en varios lados, iniciando por el Barrio de la Cruz, luego en Santa B\u00e1rbara la Cueva, de ah\u00ed luego en San Sebasti\u00e1n de las Barrancas y en algunos otros lugares, pero en estos mencionados, de manera permanente. <\/p>\n<p><i>\u201cEmpec\u00e9 en la danza desde 1978, Dios me llev\u00f3 a este camino y a mis 77 a\u00f1os sigo con todo el entusiasmo de participar, me vine de Santa Rosa Xajay a trabajar aqu\u00ed y de aqu\u00ed me fui al <b>barrio de la Cruz<\/b>, luego me fui a Santa B\u00e1rbara la Cueva y de ah\u00ed a San Sebasti\u00e1n de las Barrancas, pero he vuelto aqu\u00ed, he vuelto a regresar a mi lugar que es San Isidro\u201d.<\/i><\/p>\n<p>Mencion\u00f3 que la comunidad de donde es, se caracter\u00edstica por su historia, no sin dejar de lado, este tipo de legados que dijo, han dejado sus antepasados, pues su familia siempre particip\u00f3 en este tipo de tradiciones, por eso, es que dijo hoy ellos son <b>su pilar importante para mantenerse en la m\u00fasica. <\/b><\/p>\n<p><i>\u201cYo soy solamente un trabajador, yo no me esperaba este reconocimiento, para m\u00ed es muy grande, pero cuesta m\u00e1s la amistad que todo lo dem\u00e1s, he hecho muchos amigos en este medio porque de eso se trata, de disfrutar nuestras tradiciones y todo lo que hemos heredado de nuestros antepasados\u201d.<\/i><\/p>\n<p><b id=\"docs-internal-guid-8846a415-7fff-8e4e-46c7-7d835bf076c6\"><b>\u27a1\ufe0f <\/b><a href=\"https:\/\/oem.us16.list-manage.com\/subscribe?u=c04a811ee61dc85305bf7133b&amp;id=f1b85ee5bb\"><b><u>Suscr\u00edbete a nuestro Newsletter y recibe las notas m\u00e1s relevantes en tu correo<\/u><\/b><\/a><\/b><\/p>\n<p>Consider\u00f3 que pareciera que es sencillo interpretar algunas piezas musicales para los danzantes, pero para eso se tiene que saber de historia de las danzas, ya que cada una tiene sus propias peticiones, es por ello, que en el marco de dichos festejos sanjuanenses, los organizadores de las fiestas de San Isidro 2023 y danzantes, reconocieron su labor que sin importantes las inclemencias del tiempo, siempre est\u00e1 dispuesto <b>a tocar su instrumento musical.<\/b><\/p>\n<\/div>\n<p><script>(function(d, s, id) {\nvar js, fjs = d.getElementsByTagName(s)[0];\nif (d.getElementById(id)) return;\njs = d.createElement(s); js.id = id;\njs.src = 'https:\/\/connect.facebook.net\/es_LA\/sdk.js#xfbml=1&version=v3.2&appId=232029482016746&autoLogAppEvents=1';\nfjs.parentNode.insertBefore(js, fjs);\n}(document, 'script', 'facebook-jssdk'));\n<\/script><\/p>\n","protected":false},"excerpt":{"rendered":"<p>Continuar con las tradiciones no siempre es f\u00e1cil, sin embargo, para Juvenal Hern\u00e1ndez Mej\u00eda, violinista originario del municipio de San Juan del R\u00edo, fue todo lo contrario, porque emanado de una familia de cultura y tradici\u00f3n, por muchos a\u00f1os se integr\u00f3 a las danzas tradicionales del Rey Sa\u00fal y Rey Celso de la regi\u00f3n. Hoy [&hellip;]<\/p>\n","protected":false},"author":2,"featured_media":10412,"comment_status":"","ping_status":"","sticky":false,"template":"","format":"standard","meta":{"_monsterinsights_skip_tracking":false,"_monsterinsights_sitenote_active":false,"_monsterinsights_sitenote_note":"","_monsterinsights_sitenote_category":0,"footnotes":""},"categories":[6],"tags":[],"class_list":["post-10411","post","type-post","status-publish","format-standard","has-post-thumbnail","hentry","category-san-juan-del-rio"],"_links":{"self":[{"href":"https:\/\/informebajio.com.mx\/index.php?rest_route=\/wp\/v2\/posts\/10411","targetHints":{"allow":["GET"]}}],"collection":[{"href":"https:\/\/informebajio.com.mx\/index.php?rest_route=\/wp\/v2\/posts"}],"about":[{"href":"https:\/\/informebajio.com.mx\/index.php?rest_route=\/wp\/v2\/types\/post"}],"author":[{"embeddable":true,"href":"https:\/\/informebajio.com.mx\/index.php?rest_route=\/wp\/v2\/users\/2"}],"replies":[{"embeddable":true,"href":"https:\/\/informebajio.com.mx\/index.php?rest_route=%2Fwp%2Fv2%2Fcomments&post=10411"}],"version-history":[{"count":0,"href":"https:\/\/informebajio.com.mx\/index.php?rest_route=\/wp\/v2\/posts\/10411\/revisions"}],"wp:featuredmedia":[{"embeddable":true,"href":"https:\/\/informebajio.com.mx\/index.php?rest_route=\/wp\/v2\/media\/10412"}],"wp:attachment":[{"href":"https:\/\/informebajio.com.mx\/index.php?rest_route=%2Fwp%2Fv2%2Fmedia&parent=10411"}],"wp:term":[{"taxonomy":"category","embeddable":true,"href":"https:\/\/informebajio.com.mx\/index.php?rest_route=%2Fwp%2Fv2%2Fcategories&post=10411"},{"taxonomy":"post_tag","embeddable":true,"href":"https:\/\/informebajio.com.mx\/index.php?rest_route=%2Fwp%2Fv2%2Ftags&post=10411"}],"curies":[{"name":"wp","href":"https:\/\/api.w.org\/{rel}","templated":true}]}}