{"id":10419,"date":"2023-05-22T00:31:21","date_gmt":"2023-05-22T05:31:21","guid":{"rendered":"https:\/\/informebajio.com.mx\/?p=10419"},"modified":"2023-05-22T00:31:21","modified_gmt":"2023-05-22T05:31:21","slug":"pablo-gonzalez-casanova-fue-un-pensador-y-un-intelectual-sin-miedo","status":"publish","type":"post","link":"https:\/\/informebajio.com.mx\/?p=10419","title":{"rendered":"Pablo Gonz\u00e1lez Casanova fue un pensador y un intelectual sin miedo"},"content":{"rendered":"<div id=\"content_nitf\">\n<p>Don Pablo Gonz\u00e1lez Casanova fue un \u201cpensador y un intelectual sin miedo\u201d, as\u00ed como uno de los m\u00e1s importantes cient\u00edficos sociales de Am\u00e9rica Latina y una voz comprometida con las mejores causas, destacaron los amigos, familiares y colaboradores del investigador, en el marco de un homenaje luctuoso que le rindi\u00f3 ayer la Universidad Nacional Aut\u00f3noma de M\u00e9xico (UNAM).<\/p>\n<p>Durante la ceremonia, el rector Enrique Graue Wiechers destac\u00f3 que Gonz\u00e1lez Casanova \u2013quien ocup\u00f3 el cargo de mayor responsabilidad en la UNAM de 1970 a 1972\u2013 fue un \u201cgran humanista, un cient\u00edfico social incansable y un universitario \u00edntegro\u201d que dedic\u00f3 su vida a \u201creivindicar la justicia, la paz, la libertad y los derechos humanos\u201d.<\/p>\n<p>Gracias a su formaci\u00f3n como abogado, historiador y soci\u00f3logo, fue capaz de erigirse como un \u201cpensador sin miedo, con propuestas de vanguardia\u201d.<\/p>\n<p>Una muestra clara de ello, dijo, es La democracia en M\u00e9xico, uno de los libros m\u00e1s reconocidos e importantes de Gonz\u00e1lez Casanova, en el cual el autor \u201chizo patente la falta de congruencia entre las instituciones y la realidad social del pa\u00eds\u201d, y critic\u00f3 al r\u00e9gimen \u201cunipartidista, autoritario y represor\u201d que existi\u00f3 en buena parte del siglo XX.<\/p>\n<p>Tras repasar su trayectoria acad\u00e9mica y sus reconocimientos en universidades dentro y fuera de M\u00e9xico, Graue destac\u00f3 especialmente que el ex rector \u201cen tan s\u00f3lo 31 meses\u201d emprendi\u00f3 cambios importantes, como la creaci\u00f3n del Colegio de Ciencias y Humanidades y el Sistema de Universidad Abierta, \u201csin los cuales hoy la UNAM ser\u00eda muy distinta\u201d. Rememor\u00f3 que Gonz\u00e1lez Casanova fue acreedor del Premio Internacional Jos\u00e9 Mart\u00ed y fue nombrado como investigador em\u00e9rito de la UNAM, entre otros muchos reconocimientos.<\/p>\n<p>Fernando Gonz\u00e1lez Casanova, hijo del ex rector universitario, rememor\u00f3 pasajes de la vida familiar del investigador, como su rutina de trabajo, el sonido del repiqueteo de la m\u00e1quina de escribir y las charlas que sosten\u00eda con su esposa e hijos, donde se hablaba de la realidad de M\u00e9xico y el resto del mundo.<\/p>\n<p>Charlar con \u00e9l, record\u00f3, \u201cera como estar con una persona que sab\u00eda todo de todo\u201d, que le\u00eda y se preparaba en temas nuevos constantemente y que consideraba como su trabajo m\u00e1s importante el que estuviera realizando en ese momento.<\/p>\n<p>En ese marco, trajo a colaci\u00f3n una an\u00e9cdota en la que, ya con su padre muy enfermo, le mostr\u00f3 lo que pod\u00eda hacer una herramienta de inteligencia artificial como Chat GPT, a lo cual Gonz\u00e1lez Casanova replic\u00f3 con asombro: \u201c\u2018\u00a1Qu\u00e9 maravilla de mundo les va a tocar vivir!\u2019 Mi padre era un hombre lleno de esperanza\u201d.<\/p>\n<p>En el acto participaron tambi\u00e9n los investigadores Ra\u00fal Romero Gallardo y Miguel Armando L\u00f3pez Leyva, quienes recordaron el compromiso de Gonz\u00e1lez Casanova con el Ej\u00e9rcito Zapatista de Liberaci\u00f3n Nacional \u2013organizaci\u00f3n que incluso lo nombr\u00f3 como su comandante\u2013, la revoluci\u00f3n cubana y las luchas ind\u00edgenas de Am\u00e9rica Latina.<\/p>\n<p>Celebraron la sencillez y humildad con la que se conduc\u00eda. \u201cNo se transfiguraba en el personaje que ya era, ni ped\u00eda tratos preferenciales ni alfombras rojas. Era un intelectual y un pensador sin miedo, ajeno a las ortodoxias.\u201d<\/p>\n<p>En el acto participaron tambi\u00e9n el secretario general de la UNAM, Leonardo Lomel\u00ed, y la directora de la Facultad de Ciencias Pol\u00edticas y Sociales, Carola Garc\u00eda Calder\u00f3n. De igual forma, estuvieron presentes los ex rectores Jos\u00e9 Sarukh\u00e1n y Francisco Barn\u00e9s de Castro.<\/p>\n<\/p><\/div>\n<p><script>\n      !function(f,b,e,v,n,t,s)\n      {if(f.fbq)return;n=f.fbq=function(){n.callMethod?\n      n.callMethod.apply(n,arguments):n.queue.push(arguments)};\n      if(!f._fbq)f._fbq=n;n.push=n;n.loaded=!0;n.version='2.0';\n      n.queue=[];t=b.createElement(e);t.async=!0;\n      t.src=v;s=b.getElementsByTagName(e)[0];\n      s.parentNode.insertBefore(t,s)}(window, document,'script',\n      'https:\/\/connect.facebook.net\/en_US\/fbevents.js');\n      fbq('init', '133913093805922');\n      fbq('track', 'PageView');\n      fbq('track', 'Contact');\n      fbq('track', 'Donate');\n      fbq('track', 'FindLocation');\n      fbq('track', 'Lead');\n      fbq('track', 'Search');\n      fbq('track', 'Subscribe', {value: '0.00', currency: 'MXN', predicted_ltv: '0.00'});\n      fbq('track', 'ViewContent');\n    <\/script><script type=\"text\/javascript\">(function(d, s, id) {\n\t  var js, fjs = d.getElementsByTagName(s)[0];\n\t  if (d.getElementById(id)) return;\n\t  js = d.createElement(s); js.id = id;\n\t  js.src = \"\/\/connect.facebook.net\/es_LA\/sdk.js#xfbml=1&amp;version=v3.3&amp;appId=774389309362880\";\n\t  fjs.parentNode.insertBefore(js, fjs);\n\t}(document, 'script', 'facebook-jssdk'));<\/script><\/p>\n","protected":false},"excerpt":{"rendered":"<p>Don Pablo Gonz\u00e1lez Casanova fue un \u201cpensador y un intelectual sin miedo\u201d, as\u00ed como uno de los m\u00e1s importantes cient\u00edficos sociales de Am\u00e9rica Latina y una voz comprometida con las mejores causas, destacaron los amigos, familiares y colaboradores del investigador, en el marco de un homenaje luctuoso que le rindi\u00f3 ayer la Universidad Nacional Aut\u00f3noma [&hellip;]<\/p>\n","protected":false},"author":2,"featured_media":10420,"comment_status":"","ping_status":"","sticky":false,"template":"","format":"standard","meta":{"_monsterinsights_skip_tracking":false,"_monsterinsights_sitenote_active":false,"_monsterinsights_sitenote_note":"","_monsterinsights_sitenote_category":0,"footnotes":""},"categories":[9],"tags":[],"class_list":["post-10419","post","type-post","status-publish","format-standard","has-post-thumbnail","hentry","category-deportes"],"_links":{"self":[{"href":"https:\/\/informebajio.com.mx\/index.php?rest_route=\/wp\/v2\/posts\/10419","targetHints":{"allow":["GET"]}}],"collection":[{"href":"https:\/\/informebajio.com.mx\/index.php?rest_route=\/wp\/v2\/posts"}],"about":[{"href":"https:\/\/informebajio.com.mx\/index.php?rest_route=\/wp\/v2\/types\/post"}],"author":[{"embeddable":true,"href":"https:\/\/informebajio.com.mx\/index.php?rest_route=\/wp\/v2\/users\/2"}],"replies":[{"embeddable":true,"href":"https:\/\/informebajio.com.mx\/index.php?rest_route=%2Fwp%2Fv2%2Fcomments&post=10419"}],"version-history":[{"count":0,"href":"https:\/\/informebajio.com.mx\/index.php?rest_route=\/wp\/v2\/posts\/10419\/revisions"}],"wp:featuredmedia":[{"embeddable":true,"href":"https:\/\/informebajio.com.mx\/index.php?rest_route=\/wp\/v2\/media\/10420"}],"wp:attachment":[{"href":"https:\/\/informebajio.com.mx\/index.php?rest_route=%2Fwp%2Fv2%2Fmedia&parent=10419"}],"wp:term":[{"taxonomy":"category","embeddable":true,"href":"https:\/\/informebajio.com.mx\/index.php?rest_route=%2Fwp%2Fv2%2Fcategories&post=10419"},{"taxonomy":"post_tag","embeddable":true,"href":"https:\/\/informebajio.com.mx\/index.php?rest_route=%2Fwp%2Fv2%2Ftags&post=10419"}],"curies":[{"name":"wp","href":"https:\/\/api.w.org\/{rel}","templated":true}]}}