{"id":10447,"date":"2023-05-22T09:57:28","date_gmt":"2023-05-22T14:57:28","guid":{"rendered":"https:\/\/informebajio.com.mx\/?p=10447"},"modified":"2023-05-22T09:57:28","modified_gmt":"2023-05-22T14:57:28","slug":"roban-instalaciones-de-innovacion-agricola","status":"publish","type":"post","link":"https:\/\/informebajio.com.mx\/?p=10447","title":{"rendered":"Roban instalaciones de innovaci\u00f3n agr\u00edcola"},"content":{"rendered":"<div id=\"content-body-5851641-10097970\">\n<p>Instalaciones en San Juan del R\u00edo, en las cuales el<b> Instituto Nacional de Investigaciones Forestales, Agr\u00edcolas y Pecuarias<\/b> (Inifap), realizaba investigaciones cient\u00edficas y de innovaci\u00f3n para la regi\u00f3n, fueron robadas, cuya<b> p\u00e9rdida asciende a los 250 mil pesos.<\/b><\/p>\n<p>Lo anterior lo dio a conocer el presidente de la Uni\u00f3n de Ejidos, \u201cAdolfo L\u00f3pez Mateos\u201d, Fidencio Romero Mart\u00ednez, quien asegur\u00f3 que al tener a resguardo estas instalaciones ubicadas en la comunidad de La Llave, se solicit\u00f3 la intervenci\u00f3n de la Fiscal\u00eda General del estado para dar con los responsables del robo, quienes ingresaron dijo, y <b>se llevaron parte de la estructura de la techumbre ubicada en este lugar que es conocido como el M\u00f3dulo de Demostrativo Regina.<\/b><\/p>\n<p><i>\u201cDonde hemos sufrido vandalismo es en las bodegas que se encuentran por la zona de La Llave, conocidas como M\u00f3dulo Demostrativo Regina, ah\u00ed hubo acciones de vandalismo en las bodegas que causaron da\u00f1o, de esto ya se hizo reporte a todas las autoridades que corresponde, municipales y estatales, tambi\u00e9n se hizo del conocimiento de todos los representantes del sector agropecuario, dado que esas bodegas las tiende a resguardo la Uni\u00f3n de Ejidos, ya que son del gobierno federal\u201d.<\/i><\/p>\n<p>El agricultor dijo que <b>en este lugar se estudiaba la integraci\u00f3n de la tecnolog\u00eda e innovaci\u00f3n en el sector agropecuario<\/b>, por lo que dijo que resulta lamentable que se haya cometido el robo en el lugar, que afectar\u00e1 a los productores, t\u00e9cnicos y extensionistas de las diferentes tecnolog\u00edas principalmente de ma\u00edz y frijol, quienes depend\u00edan del lugar para dicha labores.<\/p>\n<p><i>\u201cEsta zona se utiliz\u00f3 desde hace muchos a\u00f1os por las dependencias dedicadas a la agricultura y ganader\u00eda para hacer demostraci\u00f3n de semillas, las bodegas se usaron para centros de distribuci\u00f3n de programas de granos y fertilizantes, el robo fue de l\u00e1minas, destecharon una bodega de techumbre y se robaron las l\u00e1minas, cuando hicimos la denuncia se calcularon 250 mil pesos\u201d.<\/i><\/p>\n<p><b id=\"docs-internal-guid-0e7c7c28-7fff-4425-7060-cc65abdcbb55\"><b>\u27a1\ufe0f <\/b><a href=\"https:\/\/oem.us16.list-manage.com\/subscribe?u=c04a811ee61dc85305bf7133b&amp;id=f1b85ee5bb\"><b><u>Suscr\u00edbete a nuestro Newsletter y recibe las notas m\u00e1s relevantes en tu correo<\/u><\/b><\/a><\/b><\/p>\n<p>Finalmente, dijo que se espera que haya una restauraci\u00f3n del lugar, con la intenci\u00f3n de que siga siendo \u00fatil este espacio, ya que para los integrantes del campo y ganader\u00eda es de gran apoyo para impulsar la innovaci\u00f3n y tecnolog\u00eda.<\/p>\n<\/div>\n<p><script>(function(d, s, id) {\nvar js, fjs = d.getElementsByTagName(s)[0];\nif (d.getElementById(id)) return;\njs = d.createElement(s); js.id = id;\njs.src = 'https:\/\/connect.facebook.net\/es_LA\/sdk.js#xfbml=1&version=v3.2&appId=232029482016746&autoLogAppEvents=1';\nfjs.parentNode.insertBefore(js, fjs);\n}(document, 'script', 'facebook-jssdk'));\n<\/script><\/p>\n","protected":false},"excerpt":{"rendered":"<p>Instalaciones en San Juan del R\u00edo, en las cuales el Instituto Nacional de Investigaciones Forestales, Agr\u00edcolas y Pecuarias (Inifap), realizaba investigaciones cient\u00edficas y de innovaci\u00f3n para la regi\u00f3n, fueron robadas, cuya p\u00e9rdida asciende a los 250 mil pesos. Lo anterior lo dio a conocer el presidente de la Uni\u00f3n de Ejidos, \u201cAdolfo L\u00f3pez Mateos\u201d, Fidencio [&hellip;]<\/p>\n","protected":false},"author":2,"featured_media":10448,"comment_status":"","ping_status":"","sticky":false,"template":"","format":"standard","meta":{"_monsterinsights_skip_tracking":false,"_monsterinsights_sitenote_active":false,"_monsterinsights_sitenote_note":"","_monsterinsights_sitenote_category":0,"footnotes":""},"categories":[6],"tags":[],"class_list":["post-10447","post","type-post","status-publish","format-standard","has-post-thumbnail","hentry","category-san-juan-del-rio"],"_links":{"self":[{"href":"https:\/\/informebajio.com.mx\/index.php?rest_route=\/wp\/v2\/posts\/10447","targetHints":{"allow":["GET"]}}],"collection":[{"href":"https:\/\/informebajio.com.mx\/index.php?rest_route=\/wp\/v2\/posts"}],"about":[{"href":"https:\/\/informebajio.com.mx\/index.php?rest_route=\/wp\/v2\/types\/post"}],"author":[{"embeddable":true,"href":"https:\/\/informebajio.com.mx\/index.php?rest_route=\/wp\/v2\/users\/2"}],"replies":[{"embeddable":true,"href":"https:\/\/informebajio.com.mx\/index.php?rest_route=%2Fwp%2Fv2%2Fcomments&post=10447"}],"version-history":[{"count":0,"href":"https:\/\/informebajio.com.mx\/index.php?rest_route=\/wp\/v2\/posts\/10447\/revisions"}],"wp:featuredmedia":[{"embeddable":true,"href":"https:\/\/informebajio.com.mx\/index.php?rest_route=\/wp\/v2\/media\/10448"}],"wp:attachment":[{"href":"https:\/\/informebajio.com.mx\/index.php?rest_route=%2Fwp%2Fv2%2Fmedia&parent=10447"}],"wp:term":[{"taxonomy":"category","embeddable":true,"href":"https:\/\/informebajio.com.mx\/index.php?rest_route=%2Fwp%2Fv2%2Fcategories&post=10447"},{"taxonomy":"post_tag","embeddable":true,"href":"https:\/\/informebajio.com.mx\/index.php?rest_route=%2Fwp%2Fv2%2Ftags&post=10447"}],"curies":[{"name":"wp","href":"https:\/\/api.w.org\/{rel}","templated":true}]}}