{"id":10473,"date":"2023-05-22T20:31:46","date_gmt":"2023-05-23T01:31:46","guid":{"rendered":"https:\/\/informebajio.com.mx\/?p=10473"},"modified":"2023-05-22T20:31:46","modified_gmt":"2023-05-23T01:31:46","slug":"el-pan-pide-la-comparecencia-de-la-sedena-en-el-senado","status":"publish","type":"post","link":"https:\/\/informebajio.com.mx\/?p=10473","title":{"rendered":"El PAN pide la comparecencia de la Sedena en el Senado"},"content":{"rendered":"<div id=\"article-content-tts\">\n<div id=\"content_nitf\">\n<p>El PAN en el Senado pidi\u00f3 la comparecencia de los integrantes del gabinete de seguridad ante el pleno, pues la reuni\u00f3n privada que tendr\u00e1n el pr\u00f3ximo 30 de mayo con la Comisi\u00f3n Bicameral de seguimiento y evaluaci\u00f3n de las labores de las fuerzas armadas en tareas de seguridad p\u00fablica, \u201cno sustituye por ning\u00fan motivo la obligaci\u00f3n que tiene el gobierno de rendir cuentas\u201d.<\/p>\n<p>Si bien aceptamos, y es correcto que existan reuniones sobre seguridad nacional privadas, \u00e9stas no cumplen con la tarea de rendici\u00f3n de cuentas, estim\u00f3 el legislador panista Dami\u00e1n Zepeda. A\u00f1adi\u00f3 que \u201csi el gobierno federal ilegalmente ha hecho responsable a la Secretar\u00eda de Defensa Nacional (Sedena) de la pol\u00edtica de seguridad p\u00fablica, \u00e9sta tiene que rendir cuentas al Senado como civil, de manera p\u00fablica y de cara a los ciudadanos, no a puerta cerrada\u201d.<\/p>\n<p>Zepeda indic\u00f3 que ya se superaron los 150 mil asesinatos en el pa\u00eds, \u201cm\u00e1s que en el sexenio de Felipe Calder\u00f3n\u201d, por lo que se\u00f1al\u00f3 no saber qu\u00e9 celebra el gobierno cuando se refiere a \u201cuna supuesta disminuci\u00f3n de la inseguridad\u201d.<\/p>\n<p>De la reuni\u00f3n de la comisi\u00f3n bicameral a finales de mes, explic\u00f3 que se espera el primer informe de las actividades de las fuerzas armadas en tareas de seguridad p\u00fablica y una ruta de salida del cuerpo castrense de esas actividades.<\/p>\n<\/div>\n<\/div>\n<p><script>\n      !function(f,b,e,v,n,t,s)\n      {if(f.fbq)return;n=f.fbq=function(){n.callMethod?\n      n.callMethod.apply(n,arguments):n.queue.push(arguments)};\n      if(!f._fbq)f._fbq=n;n.push=n;n.loaded=!0;n.version='2.0';\n      n.queue=[];t=b.createElement(e);t.async=!0;\n      t.src=v;s=b.getElementsByTagName(e)[0];\n      s.parentNode.insertBefore(t,s)}(window, document,'script',\n      'https:\/\/connect.facebook.net\/en_US\/fbevents.js');\n      fbq('init', '133913093805922');\n      fbq('track', 'PageView');\n      fbq('track', 'Contact');\n      fbq('track', 'Donate');\n      fbq('track', 'FindLocation');\n      fbq('track', 'Lead');\n      fbq('track', 'Search');\n      fbq('track', 'Subscribe', {value: '0.00', currency: 'MXN', predicted_ltv: '0.00'});\n      fbq('track', 'ViewContent');\n    <\/script><script type=\"text\/javascript\">(function(d, s, id) {\n\t  var js, fjs = d.getElementsByTagName(s)[0];\n\t  if (d.getElementById(id)) return;\n\t  js = d.createElement(s); js.id = id;\n\t  js.src = \"\/\/connect.facebook.net\/es_LA\/sdk.js#xfbml=1&amp;version=v3.3&amp;appId=774389309362880\";\n\t  fjs.parentNode.insertBefore(js, fjs);\n\t}(document, 'script', 'facebook-jssdk'));<\/script><\/p>\n","protected":false},"excerpt":{"rendered":"<p>El PAN en el Senado pidi\u00f3 la comparecencia de los integrantes del gabinete de seguridad ante el pleno, pues la reuni\u00f3n privada que tendr\u00e1n el pr\u00f3ximo 30 de mayo con la Comisi\u00f3n Bicameral de seguimiento y evaluaci\u00f3n de las labores de las fuerzas armadas en tareas de seguridad p\u00fablica, \u201cno sustituye por ning\u00fan motivo la [&hellip;]<\/p>\n","protected":false},"author":2,"featured_media":10474,"comment_status":"","ping_status":"","sticky":false,"template":"","format":"standard","meta":{"_monsterinsights_skip_tracking":false,"_monsterinsights_sitenote_active":false,"_monsterinsights_sitenote_note":"","_monsterinsights_sitenote_category":0,"footnotes":""},"categories":[9],"tags":[],"class_list":["post-10473","post","type-post","status-publish","format-standard","has-post-thumbnail","hentry","category-deportes"],"_links":{"self":[{"href":"https:\/\/informebajio.com.mx\/index.php?rest_route=\/wp\/v2\/posts\/10473","targetHints":{"allow":["GET"]}}],"collection":[{"href":"https:\/\/informebajio.com.mx\/index.php?rest_route=\/wp\/v2\/posts"}],"about":[{"href":"https:\/\/informebajio.com.mx\/index.php?rest_route=\/wp\/v2\/types\/post"}],"author":[{"embeddable":true,"href":"https:\/\/informebajio.com.mx\/index.php?rest_route=\/wp\/v2\/users\/2"}],"replies":[{"embeddable":true,"href":"https:\/\/informebajio.com.mx\/index.php?rest_route=%2Fwp%2Fv2%2Fcomments&post=10473"}],"version-history":[{"count":0,"href":"https:\/\/informebajio.com.mx\/index.php?rest_route=\/wp\/v2\/posts\/10473\/revisions"}],"wp:featuredmedia":[{"embeddable":true,"href":"https:\/\/informebajio.com.mx\/index.php?rest_route=\/wp\/v2\/media\/10474"}],"wp:attachment":[{"href":"https:\/\/informebajio.com.mx\/index.php?rest_route=%2Fwp%2Fv2%2Fmedia&parent=10473"}],"wp:term":[{"taxonomy":"category","embeddable":true,"href":"https:\/\/informebajio.com.mx\/index.php?rest_route=%2Fwp%2Fv2%2Fcategories&post=10473"},{"taxonomy":"post_tag","embeddable":true,"href":"https:\/\/informebajio.com.mx\/index.php?rest_route=%2Fwp%2Fv2%2Ftags&post=10473"}],"curies":[{"name":"wp","href":"https:\/\/api.w.org\/{rel}","templated":true}]}}