{"id":10503,"date":"2023-05-23T04:05:49","date_gmt":"2023-05-23T09:05:49","guid":{"rendered":"https:\/\/informebajio.com.mx\/?p=10503"},"modified":"2023-05-23T04:05:49","modified_gmt":"2023-05-23T09:05:49","slug":"llevaron-a-cabo-jornada-de-limpieza-en-tequisquiapan","status":"publish","type":"post","link":"https:\/\/informebajio.com.mx\/?p=10503","title":{"rendered":"Llevaron a cabo jornada de limpieza en Tequisquiapan"},"content":{"rendered":"<div id=\"content-body-5851641-10102503\">\n<p>Integrantes del <b>Club de Leones<\/b> del municipio de<b> Tequisquiapan<\/b> llevaron a cabo una <b>jornada de limpieza <\/b>en distintos puntos del municipio <b>para recibir al turismo<\/b> en los pr\u00f3ximos d\u00edas ante el inicio de la <b>Feria Nacional del Queso y el Vino 2023.<\/b><\/p>\n<p>La representante de esta agrupaci\u00f3n, Irma Brand Zaragoza, explic\u00f3 que esta jornada <b>se realiz\u00f3 en el parque La Pila y otros puntos del centro de la ciudad<\/b>, ya que la idea es mantener una buena imagen de cara a los pr\u00f3ximos festejos de la demarcaci\u00f3n.<\/p>\n<p>Esta actividad, dijo que estuvo avalada por parte de <b>varias instituciones quienes se sumaron para mejores resultados<\/b>, es por ello que desde temprano hasta despu\u00e9s del medio d\u00eda concluyeron la limpieza de varias calles y lugares.<\/p>\n<p><i>\u201cIniciamos en el parque La Pila porque es la zona que m\u00e1s vimos propicia por el evento de la Feria, empezamos a limpiar toda la parte de la explanada y r\u00edo, de ah\u00ed estuvimos en donde ser\u00e1n instaladas los stand de la Feria, se nos apoy\u00f3 por parte de la secretar\u00eda de Ecolog\u00eda y Protecci\u00f3n Civil\u201d.<\/i><\/p>\n<p>Se\u00f1al\u00f3 que<b> este tipo de jornadas se estar\u00e1 realizando continuamente<\/b> para dar una buena imagen a los visitantes, ya que si bien, es un municipio caracterizado por su buen trato y amabilidad, es necesario asimismo sumarse a este tipo de actividades sociales.<\/p>\n<p>Finalmente dijo que toda <b>la basura que se logr\u00f3 recolectar, fue destinada al relleno sanitario<\/b>, para su destino final, ya que si bien no se recolect\u00f3 mucho, fue necesario depositar en la zona adecuada los desechos.<\/p>\n<p><b>\u27a1\ufe0f <\/b><a href=\"https:\/\/oem.us16.list-manage.com\/subscribe?u=c04a811ee61dc85305bf7133b&amp;id=f1b85ee5bb\"><b>Suscr\u00edbete a nuestro Newsletter y recibe las notas m\u00e1s relevantes en tu correo<\/b><\/a><b\/><\/p>\n<p><i>\u201cCon la participaci\u00f3n de cerca de 60 personas se llev\u00f3 a cabo limpieza en Tequisquiapan, fue en nuestro r\u00edo pero tambi\u00e9n fue en otros sitios ya que pronto tendremos nuestra Feria Nacional del Queso y el Vino, con la participaci\u00f3n de todos mejoraremos la imagen y el ecosistema de nuestro municipio\u201d<\/i>, dijo.<\/p>\n<\/div>\n<p><script>(function(d, s, id) {\nvar js, fjs = d.getElementsByTagName(s)[0];\nif (d.getElementById(id)) return;\njs = d.createElement(s); js.id = id;\njs.src = 'https:\/\/connect.facebook.net\/es_LA\/sdk.js#xfbml=1&version=v3.2&appId=232029482016746&autoLogAppEvents=1';\nfjs.parentNode.insertBefore(js, fjs);\n}(document, 'script', 'facebook-jssdk'));\n<\/script><\/p>\n","protected":false},"excerpt":{"rendered":"<p>Integrantes del Club de Leones del municipio de Tequisquiapan llevaron a cabo una jornada de limpieza en distintos puntos del municipio para recibir al turismo en los pr\u00f3ximos d\u00edas ante el inicio de la Feria Nacional del Queso y el Vino 2023. La representante de esta agrupaci\u00f3n, Irma Brand Zaragoza, explic\u00f3 que esta jornada se [&hellip;]<\/p>\n","protected":false},"author":2,"featured_media":10504,"comment_status":"","ping_status":"","sticky":false,"template":"","format":"standard","meta":{"_monsterinsights_skip_tracking":false,"_monsterinsights_sitenote_active":false,"_monsterinsights_sitenote_note":"","_monsterinsights_sitenote_category":0,"footnotes":""},"categories":[6],"tags":[],"class_list":["post-10503","post","type-post","status-publish","format-standard","has-post-thumbnail","hentry","category-san-juan-del-rio"],"_links":{"self":[{"href":"https:\/\/informebajio.com.mx\/index.php?rest_route=\/wp\/v2\/posts\/10503","targetHints":{"allow":["GET"]}}],"collection":[{"href":"https:\/\/informebajio.com.mx\/index.php?rest_route=\/wp\/v2\/posts"}],"about":[{"href":"https:\/\/informebajio.com.mx\/index.php?rest_route=\/wp\/v2\/types\/post"}],"author":[{"embeddable":true,"href":"https:\/\/informebajio.com.mx\/index.php?rest_route=\/wp\/v2\/users\/2"}],"replies":[{"embeddable":true,"href":"https:\/\/informebajio.com.mx\/index.php?rest_route=%2Fwp%2Fv2%2Fcomments&post=10503"}],"version-history":[{"count":0,"href":"https:\/\/informebajio.com.mx\/index.php?rest_route=\/wp\/v2\/posts\/10503\/revisions"}],"wp:featuredmedia":[{"embeddable":true,"href":"https:\/\/informebajio.com.mx\/index.php?rest_route=\/wp\/v2\/media\/10504"}],"wp:attachment":[{"href":"https:\/\/informebajio.com.mx\/index.php?rest_route=%2Fwp%2Fv2%2Fmedia&parent=10503"}],"wp:term":[{"taxonomy":"category","embeddable":true,"href":"https:\/\/informebajio.com.mx\/index.php?rest_route=%2Fwp%2Fv2%2Fcategories&post=10503"},{"taxonomy":"post_tag","embeddable":true,"href":"https:\/\/informebajio.com.mx\/index.php?rest_route=%2Fwp%2Fv2%2Ftags&post=10503"}],"curies":[{"name":"wp","href":"https:\/\/api.w.org\/{rel}","templated":true}]}}