{"id":10507,"date":"2023-05-23T06:31:45","date_gmt":"2023-05-23T11:31:45","guid":{"rendered":"https:\/\/informebajio.com.mx\/?p=10507"},"modified":"2023-05-23T06:31:45","modified_gmt":"2023-05-23T11:31:45","slug":"alejandro-fernandez-rinde-tributo-a-su-padre-en-la-monumental-plaza-de-toros","status":"publish","type":"post","link":"https:\/\/informebajio.com.mx\/?p=10507","title":{"rendered":"Alejandro Fern\u00e1ndez rinde tributo a su padre en la Monumental Plaza de Toros"},"content":{"rendered":"<div id=\"content_nitf\">\n<p>Alejandro Fern\u00e1ndez no s\u00f3lo emul\u00f3 la haza\u00f1a de Vicente Fern\u00e1ndez en la Monumental Plaza de Toros M\u00e9xico en 1984, tambi\u00e9n le dedic\u00f3 un \u201cm\u00e1gico\u201d tributo al <em>Charro de Huentit\u00e1n:<\/em> elev\u00f3 a 50 mil almas al cielo, que al igual que el famoso int\u00e9rprete vivieron una \u201cemotiva y maravillosa\u201d experiencia.<\/p>\n<p>Luego del aguacero de la noche del s\u00e1bado, las miles de personas que asistieron al \u201chist\u00f3rico\u201d concierto de <em>El Potrillo,<\/em> pintaron con sus impermeables de colores el inmueble; el caos se gener\u00f3 al interior y exterior de la Monumental debido a la incesante lluvia; unos tardaron en llegar a sus lugares debido a que se resguardaron de las inclemencias del tiempo; otros porque se quedaron a consumir alimentos o bebidas para aligerar la espera.<\/p>\n<p>Una Plaza de Toros pasada por agua esperaba ser colmada. Poco despu\u00e9s se escuch\u00f3 el nuevo sencillo del protagonista de la noche, <em>No es que me quiera ir.<\/em> En varias pantallas reluc\u00eda la imagen del cantante, pero el p\u00fablico impaciente gritaba que iniciara el <em>show<\/em> y <em>El Potrillo<\/em> la cantara en vivo.<\/p>\n<p>A las 21:40 aparecieron los m\u00fasicos, el mariachi y los coros femeninos para dar paso a Fern\u00e1ndez, que tom\u00f3 como su progenitor el escenario, colocado en forma de cruz, en el coraz\u00f3n del recinto, con cuatro puntos hacia donde se dirigi\u00f3 el int\u00e9rprete durante toda la noche.<\/p>\n<p>\u201cGracias de verdad, el coraz\u00f3n no me cabe en el pecho por la emoci\u00f3n de estar con ustedes parado en el mismo lugar en el que hace casi 40 a\u00f1os mi padre dej\u00f3 una huella imborrable, aqu\u00ed en la Monumental, la \u00fanica, la mundial; igual que \u00e9l les prometo que dejar\u00e9 la piel, el alma, el coraz\u00f3n y la vida para que la m\u00fasica mexicana se escuche hasta el cielo\u201d, expres\u00f3 emocionado. Abri\u00f3 su repertorio con <em>D\u00f3nde vas tan sola<\/em> y T\u00fa regresar\u00e1s.<\/p>\n<p>El recinto vibr\u00f3. La gente cantaba entusiasmada apenas iniciado el <em>show.<\/em> Junto con <em>El Potrillo<\/em> enton\u00f3 <em>Que seas muy feliz, Es la mujer<\/em> y <em>Estos celos.<\/em> Con <em>Estuve,<\/em> la energ\u00eda y la emoci\u00f3n parecieron desbordar el inmueble. Las luces iluminaban de rojo, azul y amarillo el entorno del cantante. \u201c\u00a1Salud!\u201d, dijo Fern\u00e1ndez y brind\u00f3 hacia el cielo.<\/p>\n<p>Se escucharon <em>Si t\u00fa supieras, No s\u00e9 olvidar, La mesa 20, Hoy tengo ganas de ti<\/em> (en versi\u00f3n ranchera), <em>Quiero que vuelvas, Loco<\/em> y <em>Si he sabido amor.<\/em> El multitudinario coro acompa\u00f1\u00f3 en cada tema a Fern\u00e1ndez, quien luci\u00f3 feliz, orgulloso, agradecido y, en diversos momentos, con l\u00e1grimas.<\/p>\n<h3>\u201cUna joya musical\u201d<\/h3>\n<p>El Potrillo invit\u00f3 a Jessi Uribe, \u201cuna joya musical\u201d, a quien dio la bienvenida a M\u00e9xico para interpretar a dueto <em>Que digan misa.<\/em> Y al un\u00edsono se escuch\u00f3: \u201cLas piedras por el camino se encuentran de andar rodando, si as\u00ed lo quiso el destino yo te seguir\u00e9 adorando, que al fin que con mi cari\u00f1o a nadie le causo da\u00f1o\u201d.<\/p>\n<p>No lo beses, Cascos ligeros, Qu\u00e9 voy a hacer con mi amor, Qu\u00e9 l\u00e1stima y <em>Me hace tanto bien<\/em> antecedieron las palabras del anfitri\u00f3n para presentar el tema <em>Eso y m\u00e1s:<\/em> \u201cHoy m\u00e1s que nunca debemos agradecer a Dios que estamos vivos, juntos, bajo este cielo mexicano; por eso quiero cantar una canci\u00f3n de los m\u00e1s grandes, que se nos adelant\u00f3 en el camino, pero seguro aqu\u00ed estuvo y estar\u00e1 por aqu\u00ed&#8230; del maestro Joan Sebastian\u201d.<\/p>\n<p>Con <em>Abr\u00e1zame, El Potrillo<\/em> volvi\u00f3 a emocionarse y eso mismo transmiti\u00f3 a su p\u00fablico, que ya con sus bebidas, cantos y baile, se hab\u00eda olvidado de la pertinaz lluvia. Volvi\u00f3 a cimbrarse el lugar con <em>Ment\u00ed,<\/em> pues apareci\u00f3 en pantallas la imagen de Vicente Fern\u00e1ndez.<\/p>\n<p>\u201cNo tuve la oportunidad de pisar este escenario cuando mi padre se present\u00f3 aqu\u00ed y quiero que \u00c1lex lo haga\u201d, afirm\u00f3 al referirse a su hijo, <em>El Potrillito,<\/em> con quien interpret\u00f3 \u201cdos canciones ic\u00f3nicas\u201d de <em>Chente:<\/em> <em>Mujeres divinas<\/em> y Perd\u00f3n.<\/p>\n<p>Sigui\u00f3 el agasajo. El tiempo pareci\u00f3 detenerse, pero el reloj de la Plaza marcaba pasadas las 11 de la noche. Sin embargo, Fern\u00e1ndez segu\u00eda cautivando; aunque desde un inicio del <em>show<\/em> tuvo el control del hist\u00f3rico inmueble.<\/p>\n<p>Con <em>S\u00e9 que te duele, Amor tumbado, No, Canta coraz\u00f3n, Me dediqu\u00e9 a perderte, Tantita pena, Nube viajera,<\/em> <em>Volver, volver<\/em> y <em>M\u00e9xico lindo y querido,<\/em> la piel se volvi\u00f3 a poner \u201cchinita\u201d, como dijeron muchos de los presentes en varios momentos de la velada. \u201c\u00a1Viva M\u00e9xico !\u201d Gritaron a todo pulm\u00f3n de entre el p\u00fablico.<\/p>\n<p>Fueron casi tres horas de un espect\u00e1culo \u201cinolvidable\u201d, en el que Fern\u00e1ndez cant\u00f3 sus \u00e9xitos pasados y temas recientes; adem\u00e1s luci\u00f3 un traje de charro como el que us\u00f3 su padre en su presentaci\u00f3n en la Monumental hace casi cuatro d\u00e9cadas.<\/p>\n<p>\u201cSiempre da lo mejor, como le ense\u00f1\u00f3 su Vicente\u201d, coment\u00f3 una de las asistentes; mientras otra grit\u00f3 al int\u00e9rprete que volver\u00e1 a ser abuelo: \u201c\u00a1No te merecemos!\u201d<\/p>\n<p>La plataforma que transmiti\u00f3 en vivo el concierto #ElPotrilloStarPlusLive defini\u00f3 el 20 de mayo de 2023 como: \u201c50 mil mexicanos en la M\u00e9xico de Alejandro Fern\u00e1ndez\u201d.<\/p>\n<\/div>\n<p><script>\n      !function(f,b,e,v,n,t,s)\n      {if(f.fbq)return;n=f.fbq=function(){n.callMethod?\n      n.callMethod.apply(n,arguments):n.queue.push(arguments)};\n      if(!f._fbq)f._fbq=n;n.push=n;n.loaded=!0;n.version='2.0';\n      n.queue=[];t=b.createElement(e);t.async=!0;\n      t.src=v;s=b.getElementsByTagName(e)[0];\n      s.parentNode.insertBefore(t,s)}(window, document,'script',\n      'https:\/\/connect.facebook.net\/en_US\/fbevents.js');\n      fbq('init', '133913093805922');\n      fbq('track', 'PageView');\n      fbq('track', 'Contact');\n      fbq('track', 'Donate');\n      fbq('track', 'FindLocation');\n      fbq('track', 'Lead');\n      fbq('track', 'Search');\n      fbq('track', 'Subscribe', {value: '0.00', currency: 'MXN', predicted_ltv: '0.00'});\n      fbq('track', 'ViewContent');\n    <\/script><script type=\"text\/javascript\">(function(d, s, id) {\n\t  var js, fjs = d.getElementsByTagName(s)[0];\n\t  if (d.getElementById(id)) return;\n\t  js = d.createElement(s); js.id = id;\n\t  js.src = \"\/\/connect.facebook.net\/es_LA\/sdk.js#xfbml=1&amp;version=v3.3&amp;appId=774389309362880\";\n\t  fjs.parentNode.insertBefore(js, fjs);\n\t}(document, 'script', 'facebook-jssdk'));<\/script><\/p>\n","protected":false},"excerpt":{"rendered":"<p>Alejandro Fern\u00e1ndez no s\u00f3lo emul\u00f3 la haza\u00f1a de Vicente Fern\u00e1ndez en la Monumental Plaza de Toros M\u00e9xico en 1984, tambi\u00e9n le dedic\u00f3 un \u201cm\u00e1gico\u201d tributo al Charro de Huentit\u00e1n: elev\u00f3 a 50 mil almas al cielo, que al igual que el famoso int\u00e9rprete vivieron una \u201cemotiva y maravillosa\u201d experiencia. Luego del aguacero de la noche [&hellip;]<\/p>\n","protected":false},"author":2,"featured_media":10508,"comment_status":"","ping_status":"","sticky":false,"template":"","format":"standard","meta":{"_monsterinsights_skip_tracking":false,"_monsterinsights_sitenote_active":false,"_monsterinsights_sitenote_note":"","_monsterinsights_sitenote_category":0,"footnotes":""},"categories":[9],"tags":[],"class_list":["post-10507","post","type-post","status-publish","format-standard","has-post-thumbnail","hentry","category-deportes"],"_links":{"self":[{"href":"https:\/\/informebajio.com.mx\/index.php?rest_route=\/wp\/v2\/posts\/10507","targetHints":{"allow":["GET"]}}],"collection":[{"href":"https:\/\/informebajio.com.mx\/index.php?rest_route=\/wp\/v2\/posts"}],"about":[{"href":"https:\/\/informebajio.com.mx\/index.php?rest_route=\/wp\/v2\/types\/post"}],"author":[{"embeddable":true,"href":"https:\/\/informebajio.com.mx\/index.php?rest_route=\/wp\/v2\/users\/2"}],"replies":[{"embeddable":true,"href":"https:\/\/informebajio.com.mx\/index.php?rest_route=%2Fwp%2Fv2%2Fcomments&post=10507"}],"version-history":[{"count":0,"href":"https:\/\/informebajio.com.mx\/index.php?rest_route=\/wp\/v2\/posts\/10507\/revisions"}],"wp:featuredmedia":[{"embeddable":true,"href":"https:\/\/informebajio.com.mx\/index.php?rest_route=\/wp\/v2\/media\/10508"}],"wp:attachment":[{"href":"https:\/\/informebajio.com.mx\/index.php?rest_route=%2Fwp%2Fv2%2Fmedia&parent=10507"}],"wp:term":[{"taxonomy":"category","embeddable":true,"href":"https:\/\/informebajio.com.mx\/index.php?rest_route=%2Fwp%2Fv2%2Fcategories&post=10507"},{"taxonomy":"post_tag","embeddable":true,"href":"https:\/\/informebajio.com.mx\/index.php?rest_route=%2Fwp%2Fv2%2Ftags&post=10507"}],"curies":[{"name":"wp","href":"https:\/\/api.w.org\/{rel}","templated":true}]}}