{"id":10529,"date":"2023-05-23T12:27:50","date_gmt":"2023-05-23T17:27:50","guid":{"rendered":"https:\/\/informebajio.com.mx\/?p=10529"},"modified":"2023-05-23T12:27:50","modified_gmt":"2023-05-23T17:27:50","slug":"motociclista-protagonizo-accidente-al-circular-en-el-carril-confinado","status":"publish","type":"post","link":"https:\/\/informebajio.com.mx\/?p=10529","title":{"rendered":"Motociclista protagoniz\u00f3 accidente al circular en el carril confinado"},"content":{"rendered":"<div>\n<p>Por Tania Talavera<\/p>\n<p>Noticias<\/p>\n<p>La ma\u00f1ana de este lunes, servicios de emergencias se movilizaron a la zona del parque industrial Benito Ju\u00e1rez, luego de que se reportara un hecho de tr\u00e1nsito entre un motociclista y un autom\u00f3vil.<\/p>\n<p><!-- Composite Start --><\/p>\n<p><!-- Composite End --><\/p>\n<p>De acuerdo a la informaci\u00f3n proporcionada, el motociclista circulaba a exceso de velocidad sobre el carril confinado de la avenida de La Luz, con direcci\u00f3n al circuito Cerro del Tambor, sin embargo, en uno de los retornos, un auto intentaba incorporarse a la vialidad y fue cuando se dio el choque, en el el motociclista se impact\u00f3 en uno de sus costados del carro.<\/p>\n<p>Por el impacto, el motociclista sali\u00f3 proyectado, mientras que el auto qued\u00f3 con importantes da\u00f1os materiales en su costado izquierdo.<\/p>\n<p>A trav\u00e9s de la l\u00ednea de emergencias 911 se report\u00f3 el accidente, por lo que r\u00e1pidamente se movilizaron al lugar param\u00e9dicos del Centro Regulador de Urgencias M\u00e9dicas (CRUM) para brindar los primeros auxilios.<\/p>\n<p>Una vez que valoraron al motociclista, determinaron que presentaba heridas considerables, por lo que fue necesario realizar su traslado a un hospital para continuar con la atenci\u00f3n.<\/p>\n<p>Elementos de la Polic\u00eda Municipal de Quer\u00e9taro, fueron quienes acudieron como primeros respondientes, abanderaron la zona y tomaron conocimiento del accidente que dej\u00f3 importantes da\u00f1os materiales<\/p>\n<p><img loading=\"lazy\" decoding=\"async\" class=\"alignnone size-medium wp-image-600332\" src=\"https:\/\/cdn.noticiasdequeretaro.com.mx\/wp-content\/uploads\/2023\/05\/23063255\/Motociclista-protagoniz%C3%B3-accidente-al-circular-en-el-carril-confinado-3-600x338.jpeg\" alt=\"\" width=\"600\" height=\"338\" srcset=\"https:\/\/cdn.noticiasdequeretaro.com.mx\/wp-content\/uploads\/2023\/05\/23063255\/Motociclista-protagoniz%C3%B3-accidente-al-circular-en-el-carril-confinado-3-600x338.jpeg 600w, https:\/\/cdn.noticiasdequeretaro.com.mx\/wp-content\/uploads\/2023\/05\/23063255\/Motociclista-protagoniz%C3%B3-accidente-al-circular-en-el-carril-confinado-3-1024x576.jpeg 1024w, https:\/\/cdn.noticiasdequeretaro.com.mx\/wp-content\/uploads\/2023\/05\/23063255\/Motociclista-protagoniz%C3%B3-accidente-al-circular-en-el-carril-confinado-3-300x169.jpeg 300w, https:\/\/cdn.noticiasdequeretaro.com.mx\/wp-content\/uploads\/2023\/05\/23063255\/Motociclista-protagoniz%C3%B3-accidente-al-circular-en-el-carril-confinado-3-768x432.jpeg 768w, https:\/\/cdn.noticiasdequeretaro.com.mx\/wp-content\/uploads\/2023\/05\/23063255\/Motociclista-protagoniz%C3%B3-accidente-al-circular-en-el-carril-confinado-3-1536x864.jpeg 1536w, https:\/\/cdn.noticiasdequeretaro.com.mx\/wp-content\/uploads\/2023\/05\/23063255\/Motociclista-protagoniz%C3%B3-accidente-al-circular-en-el-carril-confinado-3.jpeg 1600w\" sizes=\"auto, (max-width: 600px) 100vw, 600px\"\/><\/p>\n<p>Se impact\u00f3 contra un autom\u00f3vil que realizaba maniobras para tomar un retorno.<\/p>\n<p><img loading=\"lazy\" decoding=\"async\" class=\"alignnone wp-image-600336 size-full\" src=\"https:\/\/cdn.noticiasdequeretaro.com.mx\/wp-content\/uploads\/2023\/05\/23063516\/Motociclista-protagoniz%C3%B3-accidente-al-circular-en-el-carril-confinado-1.jpeg\" alt=\"\" width=\"1600\" height=\"900\" srcset=\"https:\/\/cdn.noticiasdequeretaro.com.mx\/wp-content\/uploads\/2023\/05\/23063516\/Motociclista-protagoniz%C3%B3-accidente-al-circular-en-el-carril-confinado-1.jpeg 1600w, https:\/\/cdn.noticiasdequeretaro.com.mx\/wp-content\/uploads\/2023\/05\/23063516\/Motociclista-protagoniz%C3%B3-accidente-al-circular-en-el-carril-confinado-1-600x338.jpeg 600w, https:\/\/cdn.noticiasdequeretaro.com.mx\/wp-content\/uploads\/2023\/05\/23063516\/Motociclista-protagoniz%C3%B3-accidente-al-circular-en-el-carril-confinado-1-1024x576.jpeg 1024w, https:\/\/cdn.noticiasdequeretaro.com.mx\/wp-content\/uploads\/2023\/05\/23063516\/Motociclista-protagoniz%C3%B3-accidente-al-circular-en-el-carril-confinado-1-300x169.jpeg 300w, https:\/\/cdn.noticiasdequeretaro.com.mx\/wp-content\/uploads\/2023\/05\/23063516\/Motociclista-protagoniz%C3%B3-accidente-al-circular-en-el-carril-confinado-1-768x432.jpeg 768w, https:\/\/cdn.noticiasdequeretaro.com.mx\/wp-content\/uploads\/2023\/05\/23063516\/Motociclista-protagoniz%C3%B3-accidente-al-circular-en-el-carril-confinado-1-1536x864.jpeg 1536w\" sizes=\"auto, (max-width: 1600px) 100vw, 1600px\"\/><\/p>\n<p>El motociclista sali\u00f3 \u201cvolando\u201d luego de chocar con el auto.<\/p>\n<\/div>\n<p><\/p>\n","protected":false},"excerpt":{"rendered":"<p>Por Tania Talavera Noticias La ma\u00f1ana de este lunes, servicios de emergencias se movilizaron a la zona del parque industrial Benito Ju\u00e1rez, luego de que se reportara un hecho de tr\u00e1nsito entre un motociclista y un autom\u00f3vil. De acuerdo a la informaci\u00f3n proporcionada, el motociclista circulaba a exceso de velocidad sobre el carril confinado de [&hellip;]<\/p>\n","protected":false},"author":2,"featured_media":10530,"comment_status":"","ping_status":"","sticky":false,"template":"","format":"standard","meta":{"_monsterinsights_skip_tracking":false,"_monsterinsights_sitenote_active":false,"_monsterinsights_sitenote_note":"","_monsterinsights_sitenote_category":0,"footnotes":""},"categories":[4],"tags":[],"class_list":["post-10529","post","type-post","status-publish","format-standard","has-post-thumbnail","hentry","category-queretaro"],"_links":{"self":[{"href":"https:\/\/informebajio.com.mx\/index.php?rest_route=\/wp\/v2\/posts\/10529","targetHints":{"allow":["GET"]}}],"collection":[{"href":"https:\/\/informebajio.com.mx\/index.php?rest_route=\/wp\/v2\/posts"}],"about":[{"href":"https:\/\/informebajio.com.mx\/index.php?rest_route=\/wp\/v2\/types\/post"}],"author":[{"embeddable":true,"href":"https:\/\/informebajio.com.mx\/index.php?rest_route=\/wp\/v2\/users\/2"}],"replies":[{"embeddable":true,"href":"https:\/\/informebajio.com.mx\/index.php?rest_route=%2Fwp%2Fv2%2Fcomments&post=10529"}],"version-history":[{"count":0,"href":"https:\/\/informebajio.com.mx\/index.php?rest_route=\/wp\/v2\/posts\/10529\/revisions"}],"wp:featuredmedia":[{"embeddable":true,"href":"https:\/\/informebajio.com.mx\/index.php?rest_route=\/wp\/v2\/media\/10530"}],"wp:attachment":[{"href":"https:\/\/informebajio.com.mx\/index.php?rest_route=%2Fwp%2Fv2%2Fmedia&parent=10529"}],"wp:term":[{"taxonomy":"category","embeddable":true,"href":"https:\/\/informebajio.com.mx\/index.php?rest_route=%2Fwp%2Fv2%2Fcategories&post=10529"},{"taxonomy":"post_tag","embeddable":true,"href":"https:\/\/informebajio.com.mx\/index.php?rest_route=%2Fwp%2Fv2%2Ftags&post=10529"}],"curies":[{"name":"wp","href":"https:\/\/api.w.org\/{rel}","templated":true}]}}