{"id":10533,"date":"2023-05-23T13:41:26","date_gmt":"2023-05-23T18:41:26","guid":{"rendered":"https:\/\/informebajio.com.mx\/?p=10533"},"modified":"2023-05-23T13:41:26","modified_gmt":"2023-05-23T18:41:26","slug":"este-fin-de-semana-visitaran-morelia-adan-augusto-y-marcelo-ebrard","status":"publish","type":"post","link":"https:\/\/informebajio.com.mx\/?p=10533","title":{"rendered":"Este fin de semana visitar\u00e1n Morelia, Ad\u00e1n Augusto y Marcelo Ebrard"},"content":{"rendered":"<div id=\"content-body-225-10102931\">\n<p>Morelia, Michoac\u00e1n (OEM-Infomex).- Este pr\u00f3ximo fin de semana el gobernador<b> Alfredo Ram\u00edrez Bedolla, <\/b>espera la visita del secretario de Gobernaci\u00f3n de M\u00e9xico,<b> Ad\u00e1n Augusto L\u00f3pez<\/b> y el secretario de Relaciones Exteriores<b>, Marcelo Ebrard. <\/b><\/p>\n<p>De acuerdo al mandatario, el s\u00e1bado acudir\u00e1 a <b>Morelia <\/b>Adan Augusto L\u00f3pez con qui\u00e9n tendr\u00e1 una reuni\u00f3n para &#8220;tratar temas del momento&#8221;. <\/p>\n<p>Al d\u00eda siguiente ver\u00e1 a Marcelo Ebrard para dialogar temas sobre el sector productivo. Ram\u00edrez Bedolla acot\u00f3 que tendr\u00e1 una agenda intensa con ambos.<\/p>\n<p>&#8220;En Michoac\u00e1n hay piso parejo, <b>Claudia Sheinbaum<\/b> nos ha ayudado con muchos temas, como el cableb\u00fas, <b>Ricardo Monreal <\/b>no ha apoyado desde el Senado, nosotros nos vamos a cernir a lo que defina Morena&#8221;.<\/p>\n<p>Agreg\u00f3 que es bueno que vengan y que est\u00e9n interesados en la entidad, ya que el apoyo no es menor, por lo que recibir\u00e1n a todos y se les va a dar su lugar.<\/p>\n<\/div>\n<p><script>(function(d, s, id) {\nvar js, fjs = d.getElementsByTagName(s)[0];\nif (d.getElementById(id)) return;\njs = d.createElement(s); js.id = id;\njs.src = 'https:\/\/connect.facebook.net\/es_LA\/sdk.js#xfbml=1&version=v3.2&appId=2304818722879035&autoLogAppEvents=1';\nfjs.parentNode.insertBefore(js, fjs);\n}(document, 'script', 'facebook-jssdk'));\n<\/script><\/p>\n","protected":false},"excerpt":{"rendered":"<p>Morelia, Michoac\u00e1n (OEM-Infomex).- Este pr\u00f3ximo fin de semana el gobernador Alfredo Ram\u00edrez Bedolla, espera la visita del secretario de Gobernaci\u00f3n de M\u00e9xico, Ad\u00e1n Augusto L\u00f3pez y el secretario de Relaciones Exteriores, Marcelo Ebrard. De acuerdo al mandatario, el s\u00e1bado acudir\u00e1 a Morelia Adan Augusto L\u00f3pez con qui\u00e9n tendr\u00e1 una reuni\u00f3n para &#8220;tratar temas del momento&#8221;. [&hellip;]<\/p>\n","protected":false},"author":2,"featured_media":10534,"comment_status":"","ping_status":"","sticky":false,"template":"","format":"standard","meta":{"_monsterinsights_skip_tracking":false,"_monsterinsights_sitenote_active":false,"_monsterinsights_sitenote_note":"","_monsterinsights_sitenote_category":0,"footnotes":""},"categories":[7],"tags":[],"class_list":["post-10533","post","type-post","status-publish","format-standard","has-post-thumbnail","hentry","category-michoacan"],"_links":{"self":[{"href":"https:\/\/informebajio.com.mx\/index.php?rest_route=\/wp\/v2\/posts\/10533","targetHints":{"allow":["GET"]}}],"collection":[{"href":"https:\/\/informebajio.com.mx\/index.php?rest_route=\/wp\/v2\/posts"}],"about":[{"href":"https:\/\/informebajio.com.mx\/index.php?rest_route=\/wp\/v2\/types\/post"}],"author":[{"embeddable":true,"href":"https:\/\/informebajio.com.mx\/index.php?rest_route=\/wp\/v2\/users\/2"}],"replies":[{"embeddable":true,"href":"https:\/\/informebajio.com.mx\/index.php?rest_route=%2Fwp%2Fv2%2Fcomments&post=10533"}],"version-history":[{"count":0,"href":"https:\/\/informebajio.com.mx\/index.php?rest_route=\/wp\/v2\/posts\/10533\/revisions"}],"wp:featuredmedia":[{"embeddable":true,"href":"https:\/\/informebajio.com.mx\/index.php?rest_route=\/wp\/v2\/media\/10534"}],"wp:attachment":[{"href":"https:\/\/informebajio.com.mx\/index.php?rest_route=%2Fwp%2Fv2%2Fmedia&parent=10533"}],"wp:term":[{"taxonomy":"category","embeddable":true,"href":"https:\/\/informebajio.com.mx\/index.php?rest_route=%2Fwp%2Fv2%2Fcategories&post=10533"},{"taxonomy":"post_tag","embeddable":true,"href":"https:\/\/informebajio.com.mx\/index.php?rest_route=%2Fwp%2Fv2%2Ftags&post=10533"}],"curies":[{"name":"wp","href":"https:\/\/api.w.org\/{rel}","templated":true}]}}