{"id":10541,"date":"2023-05-23T16:07:10","date_gmt":"2023-05-23T21:07:10","guid":{"rendered":"https:\/\/informebajio.com.mx\/?p=10541"},"modified":"2023-05-23T16:07:10","modified_gmt":"2023-05-23T21:07:10","slug":"planideras-de-san-juan-del-rio-a-xcaret","status":"publish","type":"post","link":"https:\/\/informebajio.com.mx\/?p=10541","title":{"rendered":"Pla\u00f1ideras de San Juan del R\u00edo a Xcaret"},"content":{"rendered":"<div id=\"content-body-5851641-10104824\">\n<p><b><a href=\"https:\/\/www.elsoldesanjuandelrio.com.mx\/cultura\/planideras-en-concurso-4399003.html\" target=\"_self\" rel=\"Follow noopener\">Las pla\u00f1ideras<\/a> de San Juan del R\u00edo<\/b> ser\u00e1n uno de los principales productos a detonar en<b> Xcaret<\/b>, a trav\u00e9s de una <b>exposici\u00f3n dedicada al estado de Quer\u00e9taro,<\/b> tomando en cuenta los aspectos a resaltar de los 18 municipios, as\u00ed lo dio a conocer Adriana Vega V\u00e1zquez Mellado, secretaria de <b>Turismo en la entidad.<\/b><\/p>\n<p>Manifest\u00f3 que cada a\u00f1o, en esta demarcaci\u00f3n, para el festival de muertos, se lleva a cabo un concurso nacional de pla\u00f1ideras, el cual consiste en llorarle a un f\u00e9retro con cierta picard\u00eda y con sollozos que veneran a los fieles difuntos, y hacen alusi\u00f3n al <b>tradicional D\u00eda de Muertos<\/b>, y que, aunque es propio de la temporada, su trascendencia genera una amplia expectativa.<\/p>\n<p>La funcionaria dijo que<b> las pla\u00f1ideras son un \u201cproductazo<\/b>\u201d para llevarlas a otro punto de rep\u00fablica, sobre todo trat\u00e1ndose de <b>Xcaret,<\/b> que goza de turismo nacional e internacional, adem\u00e1s de que es uno de los sitios playeros que registra visitantes la gran parte del a\u00f1o.<\/p>\n<p><i>\u201cNos busc\u00f3 Xcaret para que, como estado invitado, podamos proyectar todo lo que tiene Quer\u00e9taro, entonces al poder llevar esta exposici\u00f3n a Xcaret, un tesoro que tiene San Juan es el museo de la Muerte y las pla\u00f1ideras, son un &#8220;productazo&#8221;, es algo que tenemos muy visto, pero a nivel internacional, no dan cr\u00e9dito de lo que es\u201d.<\/i><\/p>\n<p>La secretaria de Turismo resalt\u00f3 que, <b>Xcaret<\/b> volte\u00f3 a ver al municipio sanjuanense y en general al estado, derivado de la representaci\u00f3n que hubo de un altar de muertos maya en la capital del estado, en noviembre pasado, y por eso ahora tendr\u00e1n un espacio de gran trascendencia para la exposici\u00f3n.<\/p>\n<p><i>\u201cLes llama mucho la atenci\u00f3n el saber por qu\u00e9 y todo lo que encierra, as\u00ed que, en Xcaret estamos prepar\u00e1ndonos juntos con San Juan para todos los productos que tiene, adem\u00e1s de otros municipios que tenemos y es muy bueno para el turismo local\u201d.<\/i><\/p>\n<p>Record\u00f3 que, <b>Quer\u00e9taro es uno de los lugares favoritos, sin playa,<\/b> a donde en periodo vacacional, la gente acude a dispersarse con su familia, y que tomando en cuenta los atributos de la <b>Riviera Maya<\/b>, la coordinaci\u00f3n podr\u00eda ser muy favorable para generar movilidad entre ambas partes y seguir promoviendo una recuperaci\u00f3n econ\u00f3mica. <\/p>\n<p><b id=\"docs-internal-guid-213afdb0-7fff-3064-bbcd-68e3f83ee890\"><b>\u27a1\ufe0f <\/b><a href=\"https:\/\/oem.us16.list-manage.com\/subscribe?u=c04a811ee61dc85305bf7133b&amp;id=f1b85ee5bb\"><b><u>Suscr\u00edbete a nuestro Newsletter y recibe las notas m\u00e1s relevantes en tu correo<\/u><\/b><\/a><\/b><\/p>\n<\/div>\n<p><script>(function(d, s, id) {\nvar js, fjs = d.getElementsByTagName(s)[0];\nif (d.getElementById(id)) return;\njs = d.createElement(s); js.id = id;\njs.src = 'https:\/\/connect.facebook.net\/es_LA\/sdk.js#xfbml=1&version=v3.2&appId=232029482016746&autoLogAppEvents=1';\nfjs.parentNode.insertBefore(js, fjs);\n}(document, 'script', 'facebook-jssdk'));\n<\/script><\/p>\n","protected":false},"excerpt":{"rendered":"<p>Las pla\u00f1ideras de San Juan del R\u00edo ser\u00e1n uno de los principales productos a detonar en Xcaret, a trav\u00e9s de una exposici\u00f3n dedicada al estado de Quer\u00e9taro, tomando en cuenta los aspectos a resaltar de los 18 municipios, as\u00ed lo dio a conocer Adriana Vega V\u00e1zquez Mellado, secretaria de Turismo en la entidad. Manifest\u00f3 que [&hellip;]<\/p>\n","protected":false},"author":2,"featured_media":10542,"comment_status":"","ping_status":"","sticky":false,"template":"","format":"standard","meta":{"_monsterinsights_skip_tracking":false,"_monsterinsights_sitenote_active":false,"_monsterinsights_sitenote_note":"","_monsterinsights_sitenote_category":0,"footnotes":""},"categories":[6],"tags":[],"class_list":["post-10541","post","type-post","status-publish","format-standard","has-post-thumbnail","hentry","category-san-juan-del-rio"],"_links":{"self":[{"href":"https:\/\/informebajio.com.mx\/index.php?rest_route=\/wp\/v2\/posts\/10541","targetHints":{"allow":["GET"]}}],"collection":[{"href":"https:\/\/informebajio.com.mx\/index.php?rest_route=\/wp\/v2\/posts"}],"about":[{"href":"https:\/\/informebajio.com.mx\/index.php?rest_route=\/wp\/v2\/types\/post"}],"author":[{"embeddable":true,"href":"https:\/\/informebajio.com.mx\/index.php?rest_route=\/wp\/v2\/users\/2"}],"replies":[{"embeddable":true,"href":"https:\/\/informebajio.com.mx\/index.php?rest_route=%2Fwp%2Fv2%2Fcomments&post=10541"}],"version-history":[{"count":0,"href":"https:\/\/informebajio.com.mx\/index.php?rest_route=\/wp\/v2\/posts\/10541\/revisions"}],"wp:featuredmedia":[{"embeddable":true,"href":"https:\/\/informebajio.com.mx\/index.php?rest_route=\/wp\/v2\/media\/10542"}],"wp:attachment":[{"href":"https:\/\/informebajio.com.mx\/index.php?rest_route=%2Fwp%2Fv2%2Fmedia&parent=10541"}],"wp:term":[{"taxonomy":"category","embeddable":true,"href":"https:\/\/informebajio.com.mx\/index.php?rest_route=%2Fwp%2Fv2%2Fcategories&post=10541"},{"taxonomy":"post_tag","embeddable":true,"href":"https:\/\/informebajio.com.mx\/index.php?rest_route=%2Fwp%2Fv2%2Ftags&post=10541"}],"curies":[{"name":"wp","href":"https:\/\/api.w.org\/{rel}","templated":true}]}}