{"id":10551,"date":"2023-05-23T17:28:01","date_gmt":"2023-05-23T22:28:01","guid":{"rendered":"https:\/\/informebajio.com.mx\/?p=10551"},"modified":"2023-05-23T17:28:01","modified_gmt":"2023-05-23T22:28:01","slug":"muere-mujer-en-jardines-de-la-hacienda","status":"publish","type":"post","link":"https:\/\/informebajio.com.mx\/?p=10551","title":{"rendered":"Muere mujer en Jardines de la Hacienda"},"content":{"rendered":"<div>\n<h2>Se desvaneci\u00f3 en la v\u00eda p\u00fablica, presuntamente a causa de un infarto fulminante<\/h2>\n<p>Por Said Mu\u00f1oz<\/p>\n<p>Noticias<\/p>\n<p>Mujer muri\u00f3 a un costado de un \u00e1rea recreativa en la calle Escol\u00e1sticas de la colonia Jardines de la Hacienda, en la capital queretana, aparentemente por un infarto fulminante.\u00a0<\/p>\n<p><!-- Composite Start --><\/p>\n<p><!-- Composite End --><\/p>\n<p>El hecho ocurri\u00f3 cuando la mujer, de unos 60 a\u00f1os de edad, se encontraba realizando una caminata por la zona y se desvaneci\u00f3, perdiendo la vida.<\/p>\n<p>Param\u00e9dicos del Centro Regulador de Urgencias M\u00e9dicas (CRUM) arribaron a la zona donde qued\u00f3 el cuerpo, confirmando el deceso de la f\u00e9mina y dando parte autoridades competentes.<\/p>\n<p>Polic\u00edas de la Guardia Municipal aseguraron la zona como primer respondiente, hasta que personal de Servicios Periciales levant\u00f3 y traslado el cuerpo a la morgue de la capital queretana.<\/p>\n<p><img loading=\"lazy\" decoding=\"async\" class=\"alignnone wp-image-600299 size-full\" src=\"https:\/\/cdn.noticiasdequeretaro.com.mx\/wp-content\/uploads\/2023\/05\/23062213\/Muere-mujer-en-Jardines-de-la-Hacienda-3.jpg\" alt=\"\" width=\"1600\" height=\"900\" srcset=\"https:\/\/cdn.noticiasdequeretaro.com.mx\/wp-content\/uploads\/2023\/05\/23062213\/Muere-mujer-en-Jardines-de-la-Hacienda-3.jpg 1600w, https:\/\/cdn.noticiasdequeretaro.com.mx\/wp-content\/uploads\/2023\/05\/23062213\/Muere-mujer-en-Jardines-de-la-Hacienda-3-600x338.jpg 600w, https:\/\/cdn.noticiasdequeretaro.com.mx\/wp-content\/uploads\/2023\/05\/23062213\/Muere-mujer-en-Jardines-de-la-Hacienda-3-1024x576.jpg 1024w, https:\/\/cdn.noticiasdequeretaro.com.mx\/wp-content\/uploads\/2023\/05\/23062213\/Muere-mujer-en-Jardines-de-la-Hacienda-3-300x169.jpg 300w, https:\/\/cdn.noticiasdequeretaro.com.mx\/wp-content\/uploads\/2023\/05\/23062213\/Muere-mujer-en-Jardines-de-la-Hacienda-3-768x432.jpg 768w, https:\/\/cdn.noticiasdequeretaro.com.mx\/wp-content\/uploads\/2023\/05\/23062213\/Muere-mujer-en-Jardines-de-la-Hacienda-3-1536x864.jpg 1536w\" sizes=\"auto, (max-width: 1600px) 100vw, 1600px\"\/><\/p>\n<p>Polic\u00edas municipales resguardaron la zona como primer respondiente.<\/p>\n<p><img loading=\"lazy\" decoding=\"async\" class=\"alignnone wp-image-600302 size-full\" src=\"https:\/\/cdn.noticiasdequeretaro.com.mx\/wp-content\/uploads\/2023\/05\/23062249\/Muere-mujer-en-Jardines-de-la-Hacienda-1.jpg\" alt=\"\" width=\"1600\" height=\"900\" srcset=\"https:\/\/cdn.noticiasdequeretaro.com.mx\/wp-content\/uploads\/2023\/05\/23062249\/Muere-mujer-en-Jardines-de-la-Hacienda-1.jpg 1600w, https:\/\/cdn.noticiasdequeretaro.com.mx\/wp-content\/uploads\/2023\/05\/23062249\/Muere-mujer-en-Jardines-de-la-Hacienda-1-600x338.jpg 600w, https:\/\/cdn.noticiasdequeretaro.com.mx\/wp-content\/uploads\/2023\/05\/23062249\/Muere-mujer-en-Jardines-de-la-Hacienda-1-1024x576.jpg 1024w, https:\/\/cdn.noticiasdequeretaro.com.mx\/wp-content\/uploads\/2023\/05\/23062249\/Muere-mujer-en-Jardines-de-la-Hacienda-1-300x169.jpg 300w, https:\/\/cdn.noticiasdequeretaro.com.mx\/wp-content\/uploads\/2023\/05\/23062249\/Muere-mujer-en-Jardines-de-la-Hacienda-1-768x432.jpg 768w, https:\/\/cdn.noticiasdequeretaro.com.mx\/wp-content\/uploads\/2023\/05\/23062249\/Muere-mujer-en-Jardines-de-la-Hacienda-1-1536x864.jpg 1536w\" sizes=\"auto, (max-width: 1600px) 100vw, 1600px\"\/><\/p>\n<p>El cuerpo fue trasladado al Servicio M\u00e9dico Forense.<\/p>\n<\/div>\n<p><\/p>\n","protected":false},"excerpt":{"rendered":"<p>Se desvaneci\u00f3 en la v\u00eda p\u00fablica, presuntamente a causa de un infarto fulminante Por Said Mu\u00f1oz Noticias Mujer muri\u00f3 a un costado de un \u00e1rea recreativa en la calle Escol\u00e1sticas de la colonia Jardines de la Hacienda, en la capital queretana, aparentemente por un infarto fulminante.\u00a0 El hecho ocurri\u00f3 cuando la mujer, de unos 60 [&hellip;]<\/p>\n","protected":false},"author":2,"featured_media":10552,"comment_status":"","ping_status":"","sticky":false,"template":"","format":"standard","meta":{"_monsterinsights_skip_tracking":false,"_monsterinsights_sitenote_active":false,"_monsterinsights_sitenote_note":"","_monsterinsights_sitenote_category":0,"footnotes":""},"categories":[4],"tags":[],"class_list":["post-10551","post","type-post","status-publish","format-standard","has-post-thumbnail","hentry","category-queretaro"],"_links":{"self":[{"href":"https:\/\/informebajio.com.mx\/index.php?rest_route=\/wp\/v2\/posts\/10551","targetHints":{"allow":["GET"]}}],"collection":[{"href":"https:\/\/informebajio.com.mx\/index.php?rest_route=\/wp\/v2\/posts"}],"about":[{"href":"https:\/\/informebajio.com.mx\/index.php?rest_route=\/wp\/v2\/types\/post"}],"author":[{"embeddable":true,"href":"https:\/\/informebajio.com.mx\/index.php?rest_route=\/wp\/v2\/users\/2"}],"replies":[{"embeddable":true,"href":"https:\/\/informebajio.com.mx\/index.php?rest_route=%2Fwp%2Fv2%2Fcomments&post=10551"}],"version-history":[{"count":0,"href":"https:\/\/informebajio.com.mx\/index.php?rest_route=\/wp\/v2\/posts\/10551\/revisions"}],"wp:featuredmedia":[{"embeddable":true,"href":"https:\/\/informebajio.com.mx\/index.php?rest_route=\/wp\/v2\/media\/10552"}],"wp:attachment":[{"href":"https:\/\/informebajio.com.mx\/index.php?rest_route=%2Fwp%2Fv2%2Fmedia&parent=10551"}],"wp:term":[{"taxonomy":"category","embeddable":true,"href":"https:\/\/informebajio.com.mx\/index.php?rest_route=%2Fwp%2Fv2%2Fcategories&post=10551"},{"taxonomy":"post_tag","embeddable":true,"href":"https:\/\/informebajio.com.mx\/index.php?rest_route=%2Fwp%2Fv2%2Ftags&post=10551"}],"curies":[{"name":"wp","href":"https:\/\/api.w.org\/{rel}","templated":true}]}}