{"id":10590,"date":"2023-05-24T03:42:43","date_gmt":"2023-05-24T08:42:43","guid":{"rendered":"https:\/\/informebajio.com.mx\/?p=10590"},"modified":"2023-05-24T03:42:43","modified_gmt":"2023-05-24T08:42:43","slug":"niegan-que-incendio-en-mercado-independencia-sea-por-represalia","status":"publish","type":"post","link":"https:\/\/informebajio.com.mx\/?p=10590","title":{"rendered":"Niegan que incendio en mercado Independencia sea por represalia"},"content":{"rendered":"<div id=\"content-body-225-10106640\">\n<p>Morelia, Michoac\u00e1n (OEM-Infomex).- El presidente municipal de Morelia, Alfonso Mart\u00ednez Alc\u00e1zar, <b>descart\u00f3 el cobro de piso<\/b> como la causa del <b>incendio en las instalaciones del mercado Independencia<\/b> el pasado s\u00e1bado 20 de mayo.<\/p>\n<p>A trav\u00e9s de redes sociales se manej\u00f3 la posibilidad que debido a que<b> locatarios del espacio no quisieron seguir pagando<\/b> la cuota, es que se hab\u00eda generado este incendio.<\/p>\n<p>El edil moreliano expres\u00f3 que hasta el momento, tentativamente <b>la causa pudo ser una falla el\u00e9ctrica en el cableado de la zona<\/b>, debido a que durante a\u00f1os ha funcionado este sistema.<\/p>\n<p>Adelant\u00f3 que en las siguientes semanas, <b>se cambiar\u00e1 todo el cableado de los siete mercados municipales de Morelia<\/b>, ya que es un problema muy arraigado en estos espacios.<\/p>\n<p>Hasta el momento, la Fiscal\u00eda General del Estado (FGE) no ha brindado informaci\u00f3n sobre la causa del incendio, por lo que se espera que en las pr\u00f3ximas horas se pueda tener una respuesta.<\/p>\n<p>El siniestro comenz\u00f3 en punto de las 23:20 horas, de acuerdo a informaci\u00f3n proporcionada por la coordinaci\u00f3n de Protecci\u00f3n Civil y Bomberos de Morelia.<\/p>\n<\/div>\n<p><script>(function(d, s, id) {\nvar js, fjs = d.getElementsByTagName(s)[0];\nif (d.getElementById(id)) return;\njs = d.createElement(s); js.id = id;\njs.src = 'https:\/\/connect.facebook.net\/es_LA\/sdk.js#xfbml=1&version=v3.2&appId=2304818722879035&autoLogAppEvents=1';\nfjs.parentNode.insertBefore(js, fjs);\n}(document, 'script', 'facebook-jssdk'));\n<\/script><\/p>\n","protected":false},"excerpt":{"rendered":"<p>Morelia, Michoac\u00e1n (OEM-Infomex).- El presidente municipal de Morelia, Alfonso Mart\u00ednez Alc\u00e1zar, descart\u00f3 el cobro de piso como la causa del incendio en las instalaciones del mercado Independencia el pasado s\u00e1bado 20 de mayo. A trav\u00e9s de redes sociales se manej\u00f3 la posibilidad que debido a que locatarios del espacio no quisieron seguir pagando la cuota, [&hellip;]<\/p>\n","protected":false},"author":2,"featured_media":10591,"comment_status":"","ping_status":"","sticky":false,"template":"","format":"standard","meta":{"_monsterinsights_skip_tracking":false,"_monsterinsights_sitenote_active":false,"_monsterinsights_sitenote_note":"","_monsterinsights_sitenote_category":0,"footnotes":""},"categories":[7],"tags":[],"class_list":["post-10590","post","type-post","status-publish","format-standard","has-post-thumbnail","hentry","category-michoacan"],"_links":{"self":[{"href":"https:\/\/informebajio.com.mx\/index.php?rest_route=\/wp\/v2\/posts\/10590","targetHints":{"allow":["GET"]}}],"collection":[{"href":"https:\/\/informebajio.com.mx\/index.php?rest_route=\/wp\/v2\/posts"}],"about":[{"href":"https:\/\/informebajio.com.mx\/index.php?rest_route=\/wp\/v2\/types\/post"}],"author":[{"embeddable":true,"href":"https:\/\/informebajio.com.mx\/index.php?rest_route=\/wp\/v2\/users\/2"}],"replies":[{"embeddable":true,"href":"https:\/\/informebajio.com.mx\/index.php?rest_route=%2Fwp%2Fv2%2Fcomments&post=10590"}],"version-history":[{"count":0,"href":"https:\/\/informebajio.com.mx\/index.php?rest_route=\/wp\/v2\/posts\/10590\/revisions"}],"wp:featuredmedia":[{"embeddable":true,"href":"https:\/\/informebajio.com.mx\/index.php?rest_route=\/wp\/v2\/media\/10591"}],"wp:attachment":[{"href":"https:\/\/informebajio.com.mx\/index.php?rest_route=%2Fwp%2Fv2%2Fmedia&parent=10590"}],"wp:term":[{"taxonomy":"category","embeddable":true,"href":"https:\/\/informebajio.com.mx\/index.php?rest_route=%2Fwp%2Fv2%2Fcategories&post=10590"},{"taxonomy":"post_tag","embeddable":true,"href":"https:\/\/informebajio.com.mx\/index.php?rest_route=%2Fwp%2Fv2%2Ftags&post=10590"}],"curies":[{"name":"wp","href":"https:\/\/api.w.org\/{rel}","templated":true}]}}