{"id":10592,"date":"2023-05-24T04:11:48","date_gmt":"2023-05-24T09:11:48","guid":{"rendered":"https:\/\/informebajio.com.mx\/?p=10592"},"modified":"2023-05-24T04:11:48","modified_gmt":"2023-05-24T09:11:48","slug":"promueven-lactancia-materna-en-amealco","status":"publish","type":"post","link":"https:\/\/informebajio.com.mx\/?p=10592","title":{"rendered":"Promueven lactancia materna en Amealco"},"content":{"rendered":"<div id=\"content-body-5851641-10107823\">\n<p>Con el objetivo de <b>promover la <a rel=\"Follow noopener\" target=\"_self\" href=\"https:\/\/www.elsoldesanjuandelrio.com.mx\/local\/beneficios-de-lactancia-materna-7050828.html\">lactancia materna<\/a> <\/b>en el municipio de <b>Amealco de Bonfil,<\/b> se llev\u00f3 a cabo la <b>semana nacional de Salu<\/b>d en la que se hicieron algunas <b>actividades con las madres de familia <\/b>en esta demarcaci\u00f3n, en donde participaron diferentes sectores poblacionales, las cuales encabez\u00f3 la Secretar\u00eda de Salud del estado de Quer\u00e9taro.<\/p>\n<p>En coordinaci\u00f3n con <b>Municipio de Amealco, y el sistema municipal DIF<\/b>, dieron a conocer sobre la importancia que tiene la <b>donaci\u00f3n de leche materna<\/b>, sobre todo porque los especialistas manifestaron que, muchas veces hay mujeres que les es imposible generar este alimento propio.<\/p>\n<p>Tambi\u00e9n, entre los temas que se llevaron a cabo fue el de hacer <b>actividades f\u00edsicas con la futuras mam\u00e1s<\/b>, adem\u00e1s de recibir orientaci\u00f3n sobre la planificaci\u00f3n familiar y sobre algunos servicios que se ofrecen en la cl\u00ednica de servicios empleados de Amealco, en la cual tambi\u00e9n cuentan con el<b> \u00e1rea de medicina alternativa en donde hacen uso de la herbolaria.<\/b><\/p>\n<p>En cuanto al mensaje del presidente municipal <b>Ren\u00e9 Mej\u00eda Montoy<\/b>a, inform\u00f3 que se tiene una continua coordinaci\u00f3n con la secretar\u00eda de salud con quienes buscan generar esquemas que sean \u00fatiles no solo para las madres sino que pueda permear a los varones y a <b>promover la salud sexual principalmente entre los j\u00f3venes<\/b>, y con la participaci\u00f3n de los planteles de educaci\u00f3n b\u00e1sica y superior.<\/p>\n<p><i>&#8221; Estamos buscando que nuestra gente tenga los mejores servicios de salud por eso agradecemos a la secretaria, Martina P\u00e9rez, es una aliada del municipio. Les pedimos ser parte de estas jornadas en donde participan muchas partes, la salud se privilegia en Amealco. Tenemos el compromiso de mejorar este aspecto desde que comenz\u00f3 nuestra administraci\u00f3n y as\u00ed lo hemos venido cumpliendo&#8221;.<\/i><\/p>\n<p>Llam\u00f3 a los diferentes sectores laborales, a ser <b>sensibles con las mujeres que se encuentran lactando<\/b>, para que puedan guardar y refrigerar la leche, tomando en cuenta que este alimento es indispensable para el crecimiento de los menores durante los primeros seis meses, y los invit\u00f3 a<b> recibir orientaci\u00f3n de parte del sector salud ante ello.<\/b><\/p>\n<p><b>\u27a1\ufe0f <\/b><a href=\"https:\/\/oem.us16.list-manage.com\/subscribe?u=c04a811ee61dc85305bf7133b&amp;id=f1b85ee5bb\"><b>Suscr\u00edbete a nuestro Newsletter y recibe las notas m\u00e1s relevantes en tu correo<\/b><\/a><b\/><\/p>\n<p><i>&#8220;Tenemos que ser una sociedad tolerante y sensible, estamos en tiempos de cambios y la pandemia nos hizo muy susceptibles a diferentes cosas, el sector laboral no puede ser la excepci\u00f3n y lo mismo para las escuelas y la misma administraci\u00f3n&#8221; ,<\/i> indic\u00f3.<\/p>\n<\/div>\n<p><script>(function(d, s, id) {\nvar js, fjs = d.getElementsByTagName(s)[0];\nif (d.getElementById(id)) return;\njs = d.createElement(s); js.id = id;\njs.src = 'https:\/\/connect.facebook.net\/es_LA\/sdk.js#xfbml=1&version=v3.2&appId=232029482016746&autoLogAppEvents=1';\nfjs.parentNode.insertBefore(js, fjs);\n}(document, 'script', 'facebook-jssdk'));\n<\/script><\/p>\n","protected":false},"excerpt":{"rendered":"<p>Con el objetivo de promover la lactancia materna en el municipio de Amealco de Bonfil, se llev\u00f3 a cabo la semana nacional de Salud en la que se hicieron algunas actividades con las madres de familia en esta demarcaci\u00f3n, en donde participaron diferentes sectores poblacionales, las cuales encabez\u00f3 la Secretar\u00eda de Salud del estado de [&hellip;]<\/p>\n","protected":false},"author":2,"featured_media":10593,"comment_status":"","ping_status":"","sticky":false,"template":"","format":"standard","meta":{"_monsterinsights_skip_tracking":false,"_monsterinsights_sitenote_active":false,"_monsterinsights_sitenote_note":"","_monsterinsights_sitenote_category":0,"footnotes":""},"categories":[6],"tags":[],"class_list":["post-10592","post","type-post","status-publish","format-standard","has-post-thumbnail","hentry","category-san-juan-del-rio"],"_links":{"self":[{"href":"https:\/\/informebajio.com.mx\/index.php?rest_route=\/wp\/v2\/posts\/10592","targetHints":{"allow":["GET"]}}],"collection":[{"href":"https:\/\/informebajio.com.mx\/index.php?rest_route=\/wp\/v2\/posts"}],"about":[{"href":"https:\/\/informebajio.com.mx\/index.php?rest_route=\/wp\/v2\/types\/post"}],"author":[{"embeddable":true,"href":"https:\/\/informebajio.com.mx\/index.php?rest_route=\/wp\/v2\/users\/2"}],"replies":[{"embeddable":true,"href":"https:\/\/informebajio.com.mx\/index.php?rest_route=%2Fwp%2Fv2%2Fcomments&post=10592"}],"version-history":[{"count":0,"href":"https:\/\/informebajio.com.mx\/index.php?rest_route=\/wp\/v2\/posts\/10592\/revisions"}],"wp:featuredmedia":[{"embeddable":true,"href":"https:\/\/informebajio.com.mx\/index.php?rest_route=\/wp\/v2\/media\/10593"}],"wp:attachment":[{"href":"https:\/\/informebajio.com.mx\/index.php?rest_route=%2Fwp%2Fv2%2Fmedia&parent=10592"}],"wp:term":[{"taxonomy":"category","embeddable":true,"href":"https:\/\/informebajio.com.mx\/index.php?rest_route=%2Fwp%2Fv2%2Fcategories&post=10592"},{"taxonomy":"post_tag","embeddable":true,"href":"https:\/\/informebajio.com.mx\/index.php?rest_route=%2Fwp%2Fv2%2Ftags&post=10592"}],"curies":[{"name":"wp","href":"https:\/\/api.w.org\/{rel}","templated":true}]}}