{"id":10608,"date":"2023-05-24T10:13:10","date_gmt":"2023-05-24T15:13:10","guid":{"rendered":"https:\/\/informebajio.com.mx\/?p=10608"},"modified":"2023-05-24T10:13:10","modified_gmt":"2023-05-24T15:13:10","slug":"tres-de-cada-10-comercios-son-informales","status":"publish","type":"post","link":"https:\/\/informebajio.com.mx\/?p=10608","title":{"rendered":"Tres de cada 10 comercios son informales"},"content":{"rendered":"<div id=\"content-body-5851641-10099850\">\n<p><b>Por cada 10 comercios en el estado de Quer\u00e9taro,<\/b> tres son informales, declar\u00f3 Fabi\u00e1n Camacho Arredondo, presidente de la C\u00e1mara Nacional de Comercio<b><a href=\"https:\/\/www.elsoldesanjuandelrio.com.mx\/local\/urge-canaco-a-fortalecer-turismo-9997498.html\" target=\"_self\" rel=\"Follow noopener\"> (Canaco) en Quer\u00e9taro,<\/a><\/b> al mencionar que es una cifra alentadora, tomando en cuenta que se atraves\u00f3 la <b>pandemia por Covid-19.<\/b><\/p>\n<p>Declar\u00f3 que, esta cifra viene a colaci\u00f3n despu\u00e9s de haber generado buenas estad\u00edsticas justamente en 2019, y que es un gran paso que la formalidad sea una alternativa para <b>elevar la econom\u00eda en el estado, <\/b>ya que contribuye a que se brinden a su vez, mejores oportunidades de trabajo.<\/p>\n<p><i>\u201cEl dato que nosotros tenemos hoy en d\u00eda es que de cada 10 negocios, estamos teniendo el 30% que se mantienen en la formalidad, es un \u00e1rea que debemos de atender y desarrollar, sabemos que particularmente que los centros urbanos, de las ciudades se convierten en momentos clave\u201d.<\/i><\/p>\n<p>Sostuvo que, en general, el panorama es as\u00ed en los <b>18 municipios<\/b>, y que tiene un repunte importante en sitios como <b>San Juan del R\u00edo<\/b>, en donde las unidades econ\u00f3micas est\u00e1n por encima de las 4 mil, de las cuales, mil 400 est\u00e1n adheridas a la Canaco a cargo de <b>Eduardo Prado Alc\u00e1ntara.<\/b><\/p>\n<p><i>\u201cSabemos que el proceso de pandemia moviliz\u00f3 a muchos <b>negocios a la informalidad<\/b> por el desaf\u00edo que enfrentaba hacer frente a muchas cosas, como las rentas, pero al menos tenemos el dato de que en 2022 y lo que va de este 2023, las cosas han venido estabiliz\u00e1ndose con n\u00fameros similares\u201d.<\/i><\/p>\n<p>Camacho Arredondo hizo referencia en que, regularmente, las<b> zonas c\u00e9ntricas de los municipios<\/b> son tomadas por el comercio informal o ambulante, y que es tarea de los gobiernos y de las c\u00e1maras empresariales buscar alternativas conjuntas para el ordenamiento.<\/p>\n<p>En el caso de <b>San Juan del R\u00edo<\/b>, hizo precisi\u00f3n en que, los comercios se han atrevido a migrar a otras alternativas de trabajo para mejorar sus ventas y que esto ha motivado a que, ahora, vayan en busca de las redes sociales o bien, los env\u00edos personalizados a hasta los hogares.<\/p>\n<p><b id=\"docs-internal-guid-5be8905c-7fff-dbb2-5d3f-aa356fb51813\"><b>\u27a1\ufe0f <\/b><a href=\"https:\/\/oem.us16.list-manage.com\/subscribe?u=c04a811ee61dc85305bf7133b&amp;id=f1b85ee5bb\"><b><u>Suscr\u00edbete a nuestro Newsletter y recibe las notas m\u00e1s relevantes en tu correo<\/u><\/b><\/a><\/b><\/p>\n<p>Y que con este panorama, el reto que ven es seguir capacitando al comercio en atenci\u00f3n al cliente, uso de mecanismos tecnol\u00f3gicos, entre otros temas de inter\u00e9s para elevar sus ganancias o modificar giros.<\/p>\n<\/div>\n<p><script>(function(d, s, id) {\nvar js, fjs = d.getElementsByTagName(s)[0];\nif (d.getElementById(id)) return;\njs = d.createElement(s); js.id = id;\njs.src = 'https:\/\/connect.facebook.net\/es_LA\/sdk.js#xfbml=1&version=v3.2&appId=232029482016746&autoLogAppEvents=1';\nfjs.parentNode.insertBefore(js, fjs);\n}(document, 'script', 'facebook-jssdk'));\n<\/script><\/p>\n","protected":false},"excerpt":{"rendered":"<p>Por cada 10 comercios en el estado de Quer\u00e9taro, tres son informales, declar\u00f3 Fabi\u00e1n Camacho Arredondo, presidente de la C\u00e1mara Nacional de Comercio (Canaco) en Quer\u00e9taro, al mencionar que es una cifra alentadora, tomando en cuenta que se atraves\u00f3 la pandemia por Covid-19. Declar\u00f3 que, esta cifra viene a colaci\u00f3n despu\u00e9s de haber generado buenas [&hellip;]<\/p>\n","protected":false},"author":2,"featured_media":10609,"comment_status":"","ping_status":"","sticky":false,"template":"","format":"standard","meta":{"_monsterinsights_skip_tracking":false,"_monsterinsights_sitenote_active":false,"_monsterinsights_sitenote_note":"","_monsterinsights_sitenote_category":0,"footnotes":""},"categories":[6],"tags":[],"class_list":["post-10608","post","type-post","status-publish","format-standard","has-post-thumbnail","hentry","category-san-juan-del-rio"],"_links":{"self":[{"href":"https:\/\/informebajio.com.mx\/index.php?rest_route=\/wp\/v2\/posts\/10608","targetHints":{"allow":["GET"]}}],"collection":[{"href":"https:\/\/informebajio.com.mx\/index.php?rest_route=\/wp\/v2\/posts"}],"about":[{"href":"https:\/\/informebajio.com.mx\/index.php?rest_route=\/wp\/v2\/types\/post"}],"author":[{"embeddable":true,"href":"https:\/\/informebajio.com.mx\/index.php?rest_route=\/wp\/v2\/users\/2"}],"replies":[{"embeddable":true,"href":"https:\/\/informebajio.com.mx\/index.php?rest_route=%2Fwp%2Fv2%2Fcomments&post=10608"}],"version-history":[{"count":0,"href":"https:\/\/informebajio.com.mx\/index.php?rest_route=\/wp\/v2\/posts\/10608\/revisions"}],"wp:featuredmedia":[{"embeddable":true,"href":"https:\/\/informebajio.com.mx\/index.php?rest_route=\/wp\/v2\/media\/10609"}],"wp:attachment":[{"href":"https:\/\/informebajio.com.mx\/index.php?rest_route=%2Fwp%2Fv2%2Fmedia&parent=10608"}],"wp:term":[{"taxonomy":"category","embeddable":true,"href":"https:\/\/informebajio.com.mx\/index.php?rest_route=%2Fwp%2Fv2%2Fcategories&post=10608"},{"taxonomy":"post_tag","embeddable":true,"href":"https:\/\/informebajio.com.mx\/index.php?rest_route=%2Fwp%2Fv2%2Ftags&post=10608"}],"curies":[{"name":"wp","href":"https:\/\/api.w.org\/{rel}","templated":true}]}}