{"id":10610,"date":"2023-05-24T10:44:11","date_gmt":"2023-05-24T15:44:11","guid":{"rendered":"https:\/\/informebajio.com.mx\/?p=10610"},"modified":"2023-05-24T10:44:11","modified_gmt":"2023-05-24T15:44:11","slug":"condena-episcopado-mexicano-asesinato-del-parroco-de-capacho","status":"publish","type":"post","link":"https:\/\/informebajio.com.mx\/?p=10610","title":{"rendered":"Condena Episcopado Mexicano asesinato del p\u00e1rroco de Capacho"},"content":{"rendered":"<div id=\"content-body-225-10110419\">\n<p>Morelia, Michoac\u00e1n (OEM-Infomex).- La <b>Conferencia del Episcopado Mexicano<\/b> (CEM) conden\u00f3 el asesinato de <b>Javier Garc\u00eda Villafa\u00f1a<\/b>, p\u00e1rroco de la comunidad de <b>Capacho, Michoac\u00e1n<\/b>, ocurrido por la tarde del lunes mientras conduc\u00eda su autom\u00f3vil sobre la carretera <b>Cuitzeo-Huandacareo.<\/b><\/p>\n<p>El CEM manifest\u00f3 su \u201c<b>gran consternaci\u00f3n y dolor<\/b>\u201d y se solidariz\u00f3 con la <b>Arquidi\u00f3cesis de Morelia<\/b> en este momento que consideraron de \u201c<b>profunda tristeza y condena<\/b>\u201d.<\/p>\n<p>\u201cCondenamos en\u00e9rgicamente este acto de violencia que no solo ha arrebatado una vida, sino que tambi\u00e9n <b>atenta contra la paz y la justicia en nuestra naci\u00f3n<\/b>\u201d, externaron en un comunicado.<\/p>\n<p>Sostuvieron que este hecho es un recordatorio \u201c<b>doloroso<\/b>\u201d de la grave situaci\u00f3n que enfrenta la sociedad, donde la presencia del crimen organizado y la impunidad \u201c<b>contin\u00faan amenazando la vida y la seguridad de tantos<\/b>\u201d.<\/p>\n<p>Por ello, hicieron un llamado urgente a las autoridades competentes para que realicen una investigaci\u00f3n \u201c<b>exhaustiva y transparente<\/b>\u201d que lleve a la identificaci\u00f3n y sanci\u00f3n de los responsables. <\/p>\n<p>\u201cNo podemos permitir que este y otros actos similares queden impunes. Es fundamental que se restablezca el <b>Estado de derecho<\/b> y se garantice la seguridad de todos los ciudadanos, especialmente de aquellos que dedican su vida al servicio de los dem\u00e1s\u201d, agregaron.<\/p>\n<p>El CEM manifest\u00f3 que por su parte, mantendr\u00e1n su compromiso <b>evang\u00e9lico de paz y reconciliaci\u00f3n<\/b>, adem\u00e1s de seguir acompa\u00f1ando a las comunidades, fortaleciendo la fe y promoviendo la justicia, la dignidad humana y el di\u00e1logo como i<b>nstrumentos para la transformaci\u00f3n social.<\/b> <\/p>\n<p>\u201cEncomendamos a nuestro hermano sacerdote a la misericordia de Dios y pedimos que estos momentos, sean una semilla de un M\u00e9xico m\u00e1s fraterno y solidario. Que hoy nos impulse a seguir luchando por la paz y la justicia, y a no sucumbir ante la violencia y la desesperanza\u201d, cierran el manifiesto.<\/p>\n<p><b>S\u00edguenos en Facebook<\/b>: El Sol de Morelia<\/p>\n<\/div>\n<p><script>(function(d, s, id) {\nvar js, fjs = d.getElementsByTagName(s)[0];\nif (d.getElementById(id)) return;\njs = d.createElement(s); js.id = id;\njs.src = 'https:\/\/connect.facebook.net\/es_LA\/sdk.js#xfbml=1&version=v3.2&appId=2304818722879035&autoLogAppEvents=1';\nfjs.parentNode.insertBefore(js, fjs);\n}(document, 'script', 'facebook-jssdk'));\n<\/script><\/p>\n","protected":false},"excerpt":{"rendered":"<p>Morelia, Michoac\u00e1n (OEM-Infomex).- La Conferencia del Episcopado Mexicano (CEM) conden\u00f3 el asesinato de Javier Garc\u00eda Villafa\u00f1a, p\u00e1rroco de la comunidad de Capacho, Michoac\u00e1n, ocurrido por la tarde del lunes mientras conduc\u00eda su autom\u00f3vil sobre la carretera Cuitzeo-Huandacareo. El CEM manifest\u00f3 su \u201cgran consternaci\u00f3n y dolor\u201d y se solidariz\u00f3 con la Arquidi\u00f3cesis de Morelia en este [&hellip;]<\/p>\n","protected":false},"author":2,"featured_media":10611,"comment_status":"","ping_status":"","sticky":false,"template":"","format":"standard","meta":{"_monsterinsights_skip_tracking":false,"_monsterinsights_sitenote_active":false,"_monsterinsights_sitenote_note":"","_monsterinsights_sitenote_category":0,"footnotes":""},"categories":[7],"tags":[],"class_list":["post-10610","post","type-post","status-publish","format-standard","has-post-thumbnail","hentry","category-michoacan"],"_links":{"self":[{"href":"https:\/\/informebajio.com.mx\/index.php?rest_route=\/wp\/v2\/posts\/10610","targetHints":{"allow":["GET"]}}],"collection":[{"href":"https:\/\/informebajio.com.mx\/index.php?rest_route=\/wp\/v2\/posts"}],"about":[{"href":"https:\/\/informebajio.com.mx\/index.php?rest_route=\/wp\/v2\/types\/post"}],"author":[{"embeddable":true,"href":"https:\/\/informebajio.com.mx\/index.php?rest_route=\/wp\/v2\/users\/2"}],"replies":[{"embeddable":true,"href":"https:\/\/informebajio.com.mx\/index.php?rest_route=%2Fwp%2Fv2%2Fcomments&post=10610"}],"version-history":[{"count":0,"href":"https:\/\/informebajio.com.mx\/index.php?rest_route=\/wp\/v2\/posts\/10610\/revisions"}],"wp:featuredmedia":[{"embeddable":true,"href":"https:\/\/informebajio.com.mx\/index.php?rest_route=\/wp\/v2\/media\/10611"}],"wp:attachment":[{"href":"https:\/\/informebajio.com.mx\/index.php?rest_route=%2Fwp%2Fv2%2Fmedia&parent=10610"}],"wp:term":[{"taxonomy":"category","embeddable":true,"href":"https:\/\/informebajio.com.mx\/index.php?rest_route=%2Fwp%2Fv2%2Fcategories&post=10610"},{"taxonomy":"post_tag","embeddable":true,"href":"https:\/\/informebajio.com.mx\/index.php?rest_route=%2Fwp%2Fv2%2Ftags&post=10610"}],"curies":[{"name":"wp","href":"https:\/\/api.w.org\/{rel}","templated":true}]}}