{"id":10612,"date":"2023-05-24T12:33:06","date_gmt":"2023-05-24T17:33:06","guid":{"rendered":"https:\/\/informebajio.com.mx\/?p=10612"},"modified":"2023-05-24T12:33:06","modified_gmt":"2023-05-24T17:33:06","slug":"en-zona-de-riesgo-por-huracanes-10-de-la-poblacion-de-bcs","status":"publish","type":"post","link":"https:\/\/informebajio.com.mx\/?p=10612","title":{"rendered":"En zona de riesgo por huracanes, 10% de la poblaci\u00f3n de BCS"},"content":{"rendered":"<div id=\"content_nitf\">\n<p><em>La Paz, BCS.<\/em> Casi el 10 por ciento de la poblaci\u00f3n de Baja California Sur vive en zonas de riesgo, advirti\u00f3 el gobernador V\u00edctor Manuel Castro Cos\u00edo, durante la instalaci\u00f3n del Consejo Estatal de Protecci\u00f3n Civil.<\/p>\n<p>Mencion\u00f3 que en la actual temporada de ciclones tropicales en el Oc\u00e9ano Pac\u00edfico se pronostican entre 16 y 22 eventos, de los cuales, de tres a cinco podr\u00edan tocar en esta entidad con los estragos econ\u00f3micos y sociales que eso representa.<\/p>\n<p>Destac\u00f3 que por fortuna la cultura de protecci\u00f3n civil desarrollada por los sudcalifornianos ha evitado mayores tragedias en los \u00faltimos a\u00f1os.<\/p>\n<p>Reconoci\u00f3 a las instituciones educativas que prestan los planteles escolares como albergues temporales durante la presencia de fen\u00f3menos hidrometeorol\u00f3gicos, y a la Universidad Aut\u00f3noma de Baja California Sur por abrir una carrera de protecci\u00f3n civil, la cual generar\u00e1 especialistas en esta materia.<\/p>\n<p>Conmin\u00f3 a los poderes del estado, a los tres niveles de gobierno, a los cuerpos de emergencia oficiales y civiles, a las fuerzas armadas, y en general a toda la sociedad, a estar unidos y coordinar esfuerzos para enfrentar los embates de la naturaleza como ha sucedido, no solo en el caso de las tormentas, sino tambi\u00e9n con los incendios forestales.<\/p>\n<p>Durante la sesi\u00f3n se recordaron los ciclones m\u00e1s tr\u00e1gicos y destructivos para Baja California Sur como el Liza que provoc\u00f3 cientos de muertes en 1976, y el Odile que en 2014 caus\u00f3 da\u00f1os por m\u00e1s de 10 mil millones de pesos, indicando que el Consejo Estatal de Protecci\u00f3n Civil no debe verse con \u201cojos pol\u00edticos\u201d, y por lo tanto sin distingo de colores, todos sus integrantes y la sociedad civil deben trabajar unidos.<\/p>\n<p>El subsecretario de Protecci\u00f3n Civil de Baja California Sur, Benjam\u00edn Garc\u00eda Meza, precis\u00f3 que 67 mil 500 personas habitan en 126 zonas de riesgo identificadas en Baja California Sur.<\/p>\n<p>Detall\u00f3 que en Los Cabos viven 45 mil personas en zonas de riesgo; ocho mil 500 en Muleg\u00e9; seis mil en La Paz; cinco mil en Loreto; y tres mil en Comond\u00fa.<\/p>\n<p>Al darse a conocer los planes y medidas de prevenci\u00f3n para la atenci\u00f3n y auxilio de la poblaci\u00f3n durante la temporada cicl\u00f3nica que inici\u00f3 el 15 de mayo y se extender\u00e1 hasta el d\u00eda \u00faltimo de noviembre, dijo que se tienen disponibles 174 refugios temporales para apoyar a 28 mil 840 personas.<\/p>\n<p>El director de la Comisi\u00f3n Nacional del Agua en Baja California Sur, Julio C\u00e9sar Villarreal Trasvi\u00f1a, mencion\u00f3 que en este periodo se pronostican entre 16 y 22 sistemas en el Pac\u00edfico mexicano: de nueve a 11 tormentas tropicales; de cuatro a seis huracanes categor\u00eda uno y dos en la escala Saffir Simpson; y de tres a cinco huracanes categor\u00edas de tres a cinco.<\/p>\n<p>El representante del Coordinaci\u00f3n Nacional de Protecci\u00f3n Civil, H\u00e9ctor Amparano Herrera, puntualiz\u00f3 que aunque el Fonden desapareci\u00f3 por el tema de los fideicomisos; hay recursos disponibles por parte del gobierno federal para poder apoyar cualquier emergencia en el pa\u00eds y en Baja California Sur.<\/p>\n<\/div>\n<p><script>\n      !function(f,b,e,v,n,t,s)\n      {if(f.fbq)return;n=f.fbq=function(){n.callMethod?\n      n.callMethod.apply(n,arguments):n.queue.push(arguments)};\n      if(!f._fbq)f._fbq=n;n.push=n;n.loaded=!0;n.version='2.0';\n      n.queue=[];t=b.createElement(e);t.async=!0;\n      t.src=v;s=b.getElementsByTagName(e)[0];\n      s.parentNode.insertBefore(t,s)}(window, document,'script',\n      'https:\/\/connect.facebook.net\/en_US\/fbevents.js');\n      fbq('init', '133913093805922');\n      fbq('track', 'PageView');\n      fbq('track', 'Contact');\n      fbq('track', 'Donate');\n      fbq('track', 'FindLocation');\n      fbq('track', 'Lead');\n      fbq('track', 'Search');\n      fbq('track', 'Subscribe', {value: '0.00', currency: 'MXN', predicted_ltv: '0.00'});\n      fbq('track', 'ViewContent');\n    <\/script><script type=\"text\/javascript\">(function(d, s, id) {\n\t  var js, fjs = d.getElementsByTagName(s)[0];\n\t  if (d.getElementById(id)) return;\n\t  js = d.createElement(s); js.id = id;\n\t  js.src = \"\/\/connect.facebook.net\/es_LA\/sdk.js#xfbml=1&amp;version=v3.3&amp;appId=774389309362880\";\n\t  fjs.parentNode.insertBefore(js, fjs);\n\t}(document, 'script', 'facebook-jssdk'));<\/script><\/p>\n","protected":false},"excerpt":{"rendered":"<p>La Paz, BCS. Casi el 10 por ciento de la poblaci\u00f3n de Baja California Sur vive en zonas de riesgo, advirti\u00f3 el gobernador V\u00edctor Manuel Castro Cos\u00edo, durante la instalaci\u00f3n del Consejo Estatal de Protecci\u00f3n Civil. Mencion\u00f3 que en la actual temporada de ciclones tropicales en el Oc\u00e9ano Pac\u00edfico se pronostican entre 16 y 22 [&hellip;]<\/p>\n","protected":false},"author":2,"featured_media":10613,"comment_status":"","ping_status":"","sticky":false,"template":"","format":"standard","meta":{"_monsterinsights_skip_tracking":false,"_monsterinsights_sitenote_active":false,"_monsterinsights_sitenote_note":"","_monsterinsights_sitenote_category":0,"footnotes":""},"categories":[9],"tags":[],"class_list":["post-10612","post","type-post","status-publish","format-standard","has-post-thumbnail","hentry","category-deportes"],"_links":{"self":[{"href":"https:\/\/informebajio.com.mx\/index.php?rest_route=\/wp\/v2\/posts\/10612","targetHints":{"allow":["GET"]}}],"collection":[{"href":"https:\/\/informebajio.com.mx\/index.php?rest_route=\/wp\/v2\/posts"}],"about":[{"href":"https:\/\/informebajio.com.mx\/index.php?rest_route=\/wp\/v2\/types\/post"}],"author":[{"embeddable":true,"href":"https:\/\/informebajio.com.mx\/index.php?rest_route=\/wp\/v2\/users\/2"}],"replies":[{"embeddable":true,"href":"https:\/\/informebajio.com.mx\/index.php?rest_route=%2Fwp%2Fv2%2Fcomments&post=10612"}],"version-history":[{"count":0,"href":"https:\/\/informebajio.com.mx\/index.php?rest_route=\/wp\/v2\/posts\/10612\/revisions"}],"wp:featuredmedia":[{"embeddable":true,"href":"https:\/\/informebajio.com.mx\/index.php?rest_route=\/wp\/v2\/media\/10613"}],"wp:attachment":[{"href":"https:\/\/informebajio.com.mx\/index.php?rest_route=%2Fwp%2Fv2%2Fmedia&parent=10612"}],"wp:term":[{"taxonomy":"category","embeddable":true,"href":"https:\/\/informebajio.com.mx\/index.php?rest_route=%2Fwp%2Fv2%2Fcategories&post=10612"},{"taxonomy":"post_tag","embeddable":true,"href":"https:\/\/informebajio.com.mx\/index.php?rest_route=%2Fwp%2Fv2%2Ftags&post=10612"}],"curies":[{"name":"wp","href":"https:\/\/api.w.org\/{rel}","templated":true}]}}