{"id":10620,"date":"2023-05-24T15:25:47","date_gmt":"2023-05-24T20:25:47","guid":{"rendered":"https:\/\/informebajio.com.mx\/?p=10620"},"modified":"2023-05-24T15:25:47","modified_gmt":"2023-05-24T20:25:47","slug":"recesion-en-estados-unidos-a-fin-de-ano-afectaria-a-guanajuato","status":"publish","type":"post","link":"https:\/\/informebajio.com.mx\/?p=10620","title":{"rendered":"Recesi\u00f3n en Estados Unidos a fin de a\u00f1o afectar\u00eda a Guanajuato"},"content":{"rendered":"<div id=\"content-body-5851641-10111123\">\n<p>Le\u00f3n, Gto.- Durante la toma de protesta del consejo directivo del <b>Instituto Mexicano de Ejecutivos de Finanzas (IMEF)<\/b> de Guanajuato, a cargo de<b> Rosa Isela Ram\u00edrez Revilla como presidenta<\/b>, dijo que para finales de a\u00f1o se prev\u00e9 una recesi\u00f3n en Estados Unidos que podr\u00eda afectar a Guanajuato. <\/p>\n<p>\u27a1 <u><a href=\"https:\/\/oem.pressreader.com\/el-sol-de-leon\" target=\"_blank\" rel=\"Follow noopener\"><b>Suscr\u00edbete a nuestra edici\u00f3n digital<\/b><\/a><\/u><\/p>\n<p>La presidenta, quien renov\u00f3 per\u00edodo la tarde de este martes acompa\u00f1ada de funcionarios del municipio de Le\u00f3n y del estado de Guanajuato, dijo que una de las afectaciones para la entidad ser\u00eda en materia de exportaciones y empleos.<\/p>\n<p>\u201cSe espera, de acuerdo a nuestros datos, que <b>a finales de a\u00f1o el peso se mantenga como en 19.20 porque tambi\u00e9n esperamos una recesi\u00f3n en Estados Unidos y esa recesi\u00f3n si nos estar\u00eda <i>pegando <\/i>primero en los empleos <\/b>que se generan all\u00e1, en las exportaciones, tambi\u00e9n realmente nos pegar\u00eda, nosotros no vamos a llegar a una recesi\u00f3n pr\u00e1cticamente, pero s\u00ed efectivamente nos pegar\u00eda si Estados Unidos entra en esa recesi\u00f3n\u201d, dijo.<\/p>\n<p>Sin embargo, Rosa Isela Ram\u00edrez tambi\u00e9n<b> proporcion\u00f3 n\u00fameros alentadores para Guanajuato, pues dijo que hasta el mes de abril hubo una recuperaci\u00f3n de empleos en la entidad, <\/b>aunque mencion\u00f3 que no basta con eso, pues la idea es que las y los guanajuatenses se incorporen a empresas que les proporcionen salarios m\u00e1s dignos.<\/p>\n<p>\u201cEn el mes de abril hubo una recuperaci\u00f3n de .02% en la parte de empleo a nivel nacional y en el estado es un poco diferente porque como bien lo comentaba su crecimiento es arriba de la media, las exportaciones han aumentado y s\u00ed se ha visto realmente la recuperaci\u00f3n de empleos, tambi\u00e9n es importante que sigamos esos empleos donde tienes salarios bajos sino que poco a poco podamos ya igual los salarios o que sean m\u00e1s competitivos para las dem\u00e1s empresas porque realmente a veces si hay contrataci\u00f3n de trabajadores, pero a veces los sueldos son muy bajos\u201d, agreg\u00f3.<\/p>\n<p>Si bien coment\u00f3 que <b>las exportaciones y remesas en Guanajuato han sido favorables<\/b>, coment\u00f3 que no es motivo de orgullo ya que los paisanos deber\u00edan de estar en sus tierras generando empleos y no en otros pa\u00edses.<\/p>\n<p>\u201cNo debe ser un orgullo que nos manden remesas porque est\u00e1n all\u00e1 nuestros paisanos y que<b> deber\u00edan estar aqu\u00ed generando empleo,<\/b> entonces s\u00ed hay una oportunidad como bien lo comentas y aqu\u00ed lo m\u00e1s importante es seguir capacit\u00e1ndolos, hay que activarnos y agarrar esas oportunidades, no solamente en Guanajuato, esas oportunidades se est\u00e1n ando a nivel nacional\u201d, agreg\u00f3.<\/p>\n<p>Agreg\u00f3 que en este sentido<b> Guanajuato ha ido trabajando y ahora presume de grandes empresas internacionales generadoras de empleos <\/b>sobre todo por su privilegiada ubicaci\u00f3n que para los empresarios es una oportunidad clave para hacer llegar sus productos y mercanc\u00edas a m\u00e1s partes del mundo.<\/p>\n<\/div>\n<p><script>(function(d, s, id) {\nvar js, fjs = d.getElementsByTagName(s)[0];\nif (d.getElementById(id)) return;\njs = d.createElement(s); js.id = id;\njs.src = 'https:\/\/connect.facebook.net\/es_LA\/sdk.js#xfbml=1&version=v3.2&appId=899106460676237&autoLogAppEvents=1';\nfjs.parentNode.insertBefore(js, fjs);\n}(document, 'script', 'facebook-jssdk'));\n<\/script><\/p>\n","protected":false},"excerpt":{"rendered":"<p>Le\u00f3n, Gto.- Durante la toma de protesta del consejo directivo del Instituto Mexicano de Ejecutivos de Finanzas (IMEF) de Guanajuato, a cargo de Rosa Isela Ram\u00edrez Revilla como presidenta, dijo que para finales de a\u00f1o se prev\u00e9 una recesi\u00f3n en Estados Unidos que podr\u00eda afectar a Guanajuato. \u27a1 Suscr\u00edbete a nuestra edici\u00f3n digital La presidenta, [&hellip;]<\/p>\n","protected":false},"author":2,"featured_media":10621,"comment_status":"","ping_status":"","sticky":false,"template":"","format":"standard","meta":{"_monsterinsights_skip_tracking":false,"_monsterinsights_sitenote_active":false,"_monsterinsights_sitenote_note":"","_monsterinsights_sitenote_category":0,"footnotes":""},"categories":[8],"tags":[],"class_list":["post-10620","post","type-post","status-publish","format-standard","has-post-thumbnail","hentry","category-guanajuato"],"_links":{"self":[{"href":"https:\/\/informebajio.com.mx\/index.php?rest_route=\/wp\/v2\/posts\/10620","targetHints":{"allow":["GET"]}}],"collection":[{"href":"https:\/\/informebajio.com.mx\/index.php?rest_route=\/wp\/v2\/posts"}],"about":[{"href":"https:\/\/informebajio.com.mx\/index.php?rest_route=\/wp\/v2\/types\/post"}],"author":[{"embeddable":true,"href":"https:\/\/informebajio.com.mx\/index.php?rest_route=\/wp\/v2\/users\/2"}],"replies":[{"embeddable":true,"href":"https:\/\/informebajio.com.mx\/index.php?rest_route=%2Fwp%2Fv2%2Fcomments&post=10620"}],"version-history":[{"count":0,"href":"https:\/\/informebajio.com.mx\/index.php?rest_route=\/wp\/v2\/posts\/10620\/revisions"}],"wp:featuredmedia":[{"embeddable":true,"href":"https:\/\/informebajio.com.mx\/index.php?rest_route=\/wp\/v2\/media\/10621"}],"wp:attachment":[{"href":"https:\/\/informebajio.com.mx\/index.php?rest_route=%2Fwp%2Fv2%2Fmedia&parent=10620"}],"wp:term":[{"taxonomy":"category","embeddable":true,"href":"https:\/\/informebajio.com.mx\/index.php?rest_route=%2Fwp%2Fv2%2Fcategories&post=10620"},{"taxonomy":"post_tag","embeddable":true,"href":"https:\/\/informebajio.com.mx\/index.php?rest_route=%2Fwp%2Fv2%2Ftags&post=10620"}],"curies":[{"name":"wp","href":"https:\/\/api.w.org\/{rel}","templated":true}]}}