{"id":10642,"date":"2023-05-24T22:21:55","date_gmt":"2023-05-25T03:21:55","guid":{"rendered":"https:\/\/informebajio.com.mx\/?p=10642"},"modified":"2023-05-24T22:21:55","modified_gmt":"2023-05-25T03:21:55","slug":"previenen-suicidios-en-san-juan-del-rio","status":"publish","type":"post","link":"https:\/\/informebajio.com.mx\/?p=10642","title":{"rendered":"Previenen suicidios en San Juan del R\u00edo"},"content":{"rendered":"<div id=\"content-body-5851641-10094404\">\n<p><b>La titular de la Secretar\u00eda de Salud (SESA) del estado de Quer\u00e9taro,<\/b> Mar\u00eda Martina P\u00e9rez Rend\u00f3n, encabez\u00f3 la ceremonia de inauguraci\u00f3n del Curso de Prevenci\u00f3n y Atenci\u00f3n de <b><a rel=\"Follow noopener\" target=\"_self\" href=\"https:\/\/www.elsoldesanjuandelrio.com.mx\/local\/crean-grupo-de-apoyo-terapeutico-para-mujeres-uaq-9397789.html\">Depresi\u00f3n y Suicidio<\/a><\/b>, que se llev\u00f3 a cabo en el <b>Hospital General de San Juan del R\u00edo.<\/b><\/p>\n<p> En su mensaje, P\u00e9rez Rend\u00f3n destac\u00f3 que la depresi\u00f3n es una enfermedad que afecta a millones de personas en el mundo y lamentablemente puede llevar a<b> pensamientos y comportamientos suicidas.<\/b><\/p>\n<p><i> \u201cEs fundamental que como profesionales de la salud y miembros de la comunidad estemos preparados para comprender, identificar y brindar apoyo a quienes enfrentan estos desaf\u00edos\u201d, extern\u00f3.<\/i><\/p>\n<p>La funcionaria estatal precis\u00f3 que durante la capacitaci\u00f3n las y los participantes analizar\u00e1n la depresi\u00f3n y su impacto en la salud mental e identificar\u00e1n los factores de riesgo, los s\u00edntomas y signos y las <b>formas de diagn\u00f3stico y tratamiento de esta enfermedad. <\/b><\/p>\n<p>Adem\u00e1s, discutir\u00e1n estrategias efectivas de prevenci\u00f3n, as\u00ed como la importancia de la comunicaci\u00f3n abierta y el apoyo emocional para quienes se encuentran en una <b>situaci\u00f3n de vulnerabilidad.<\/b><\/p>\n<p> El curso es impartido por profesionales de la salud mental, quienes compartir\u00e1n sus conocimientos, experiencias y mejores pr\u00e1cticas, y se fomentar\u00e1 la participaci\u00f3n de los asistentes a trav\u00e9s de <b>sesiones interactivas y estudios de caso.<\/b><\/p>\n<p> Los temas del curso son: panorama epidemiol\u00f3gico de la depresi\u00f3n; Conceptualizaci\u00f3n de la depresi\u00f3n y sus tipos; Identificaci\u00f3n de la Depresi\u00f3n como padecimiento real; Perfil de <b>conductas suicidas; Suicidio y adicciones; Redes de apoyo y Primeros auxilios psicol\u00f3gicos.<\/b><\/p>\n<p><b id=\"docs-internal-guid-c43bac6f-7fff-ded1-de7f-bfc73dc7f72f\"><b>\u27a1\ufe0f <\/b><a href=\"https:\/\/oem.us16.list-manage.com\/subscribe?u=c04a811ee61dc85305bf7133b&amp;id=f1b85ee5bb\"><b><u>Suscr\u00edbete a nuestro Newsletter y recibe las notas m\u00e1s relevantes en tu correo<\/u><\/b><\/a><\/b><\/p>\n<p> En la ceremonia de inauguraci\u00f3n se cont\u00f3 con la participaci\u00f3n del director del Hospital General de San Juan del R\u00edo, Ernesto Deloya Tomas; el subdirector del Hospital General de San Juan del R\u00edo, Francisco Anaya Pacheco; la jefa del Departamento de Psicolog\u00eda, Adriana Elizabeth Murillo Jaramillo, entre otros.<\/p>\n<\/div>\n<p><script>(function(d, s, id) {\nvar js, fjs = d.getElementsByTagName(s)[0];\nif (d.getElementById(id)) return;\njs = d.createElement(s); js.id = id;\njs.src = 'https:\/\/connect.facebook.net\/es_LA\/sdk.js#xfbml=1&version=v3.2&appId=232029482016746&autoLogAppEvents=1';\nfjs.parentNode.insertBefore(js, fjs);\n}(document, 'script', 'facebook-jssdk'));\n<\/script><\/p>\n","protected":false},"excerpt":{"rendered":"<p>La titular de la Secretar\u00eda de Salud (SESA) del estado de Quer\u00e9taro, Mar\u00eda Martina P\u00e9rez Rend\u00f3n, encabez\u00f3 la ceremonia de inauguraci\u00f3n del Curso de Prevenci\u00f3n y Atenci\u00f3n de Depresi\u00f3n y Suicidio, que se llev\u00f3 a cabo en el Hospital General de San Juan del R\u00edo. En su mensaje, P\u00e9rez Rend\u00f3n destac\u00f3 que la depresi\u00f3n es [&hellip;]<\/p>\n","protected":false},"author":2,"featured_media":10643,"comment_status":"","ping_status":"","sticky":false,"template":"","format":"standard","meta":{"_monsterinsights_skip_tracking":false,"_monsterinsights_sitenote_active":false,"_monsterinsights_sitenote_note":"","_monsterinsights_sitenote_category":0,"footnotes":""},"categories":[6],"tags":[],"class_list":["post-10642","post","type-post","status-publish","format-standard","has-post-thumbnail","hentry","category-san-juan-del-rio"],"_links":{"self":[{"href":"https:\/\/informebajio.com.mx\/index.php?rest_route=\/wp\/v2\/posts\/10642","targetHints":{"allow":["GET"]}}],"collection":[{"href":"https:\/\/informebajio.com.mx\/index.php?rest_route=\/wp\/v2\/posts"}],"about":[{"href":"https:\/\/informebajio.com.mx\/index.php?rest_route=\/wp\/v2\/types\/post"}],"author":[{"embeddable":true,"href":"https:\/\/informebajio.com.mx\/index.php?rest_route=\/wp\/v2\/users\/2"}],"replies":[{"embeddable":true,"href":"https:\/\/informebajio.com.mx\/index.php?rest_route=%2Fwp%2Fv2%2Fcomments&post=10642"}],"version-history":[{"count":0,"href":"https:\/\/informebajio.com.mx\/index.php?rest_route=\/wp\/v2\/posts\/10642\/revisions"}],"wp:featuredmedia":[{"embeddable":true,"href":"https:\/\/informebajio.com.mx\/index.php?rest_route=\/wp\/v2\/media\/10643"}],"wp:attachment":[{"href":"https:\/\/informebajio.com.mx\/index.php?rest_route=%2Fwp%2Fv2%2Fmedia&parent=10642"}],"wp:term":[{"taxonomy":"category","embeddable":true,"href":"https:\/\/informebajio.com.mx\/index.php?rest_route=%2Fwp%2Fv2%2Fcategories&post=10642"},{"taxonomy":"post_tag","embeddable":true,"href":"https:\/\/informebajio.com.mx\/index.php?rest_route=%2Fwp%2Fv2%2Ftags&post=10642"}],"curies":[{"name":"wp","href":"https:\/\/api.w.org\/{rel}","templated":true}]}}