{"id":10694,"date":"2023-05-25T16:52:33","date_gmt":"2023-05-25T21:52:33","guid":{"rendered":"https:\/\/informebajio.com.mx\/?p=10694"},"modified":"2023-05-25T16:52:33","modified_gmt":"2023-05-25T21:52:33","slug":"despiden-al-padre-javier-garcia-villafana-con-misa-de-cuerpo-presente","status":"publish","type":"post","link":"https:\/\/informebajio.com.mx\/?p=10694","title":{"rendered":"Despiden al padre Javier Garc\u00eda Villafa\u00f1a con misa de cuerpo presente"},"content":{"rendered":"<div id=\"content-body-5851641-10115653\">\n<p>Salamanca, Gto. (OEM-Informex).- <b>Frailes agustinos despiden con misa al padre Garc\u00eda Villafa\u00f1a<\/b>, quien fuera privado de su vida el pasado lunes en la carretera a <b>Cuitzeo<\/b>, en el <b>estado de Michoac\u00e1n<\/b>. Durante el transcurso del d\u00eda su cuerpo arrib\u00f3 a su municipio de origen.<\/p>\n<p>\u27a1 <a href=\"https:\/\/oem.pressreader.com\/el-sol-de-salamanca\" target=\"_blank\" rel=\"noopener\"><b>Suscr\u00edbete a nuestra edici\u00f3n digital<\/b><\/a><\/p>\n<p>La tarde de este mi\u00e9rcoles, familiares, sacerdocio y fieles religiosos, asistieron a la <b>celebraci\u00f3n eucar\u00edstica de cuerpo presente<\/b>, dando el \u00faltimo adi\u00f3s al <b>padre Javier Garc\u00eda Villafa\u00f1a<\/b>.<\/p>\n<p>La celebraci\u00f3n religiosa estuvo presente el <b>obispo auxiliar de Morelia, Don H\u00e9rcules<\/b>, quien dijo que \u201c<i><b>estos acontecimientos se han presentado desde hace tiempo en M\u00e9xico<\/b>, cualquier estamos expuestos a padece este tipo de atentados contra la integridad f\u00edsica; el domingo pasado, el <b>arzobispo de Durango tambi\u00e9n present\u00f3 un atentado<\/b>, el cual no se concret\u00f3; nuestra gente lo vive de manera directa, <b>nosotros no somos la excepci\u00f3n<\/b>; se debe a una descomposici\u00f3n social pero tambi\u00e9n las personas hemos perdido los valores morales y espirituales lo que hace que no se detengan ante un semejante<\/i>\u201d.<\/p>\n<p><b>El atentado se perpetr\u00f3 el pasado lunes en la carretera de Cuitzeo-Huandacareo<\/b>, en ataque directo, arrebat\u00e1ndole la vida, dentro de un autom\u00f3vil, a la altura de la comunidad de <b>Capacho<\/b>. La <b>Fiscal\u00eda General del Estado de Michoac\u00e1n <\/b>est\u00e1 llevando a cabo las investigaciones correspondientes ante este homicidio ocurrido en <b>Huandacareo<\/b>.<\/p>\n<p>\u201c<i><b>Fue un padre alegre, un padre con el cual pod\u00edamos bromear o convivir<\/b>; tenemos temor, no s\u00f3lo desde este momento sino toda la vida, el evangelio tenemos que anunciarlo con valent\u00eda, y no hay que echarnos para atr\u00e1s ante esta situaci\u00f3n porque no es s\u00f3lo el temor para nosotros, <b>es el temor para el pueblo <\/b>que acompa\u00f1amos quien tambi\u00e9n sufre la violencia y tenemos que acompa\u00f1arlos a pesar del temor que pueda suscitarse<\/i>\u201d, manifest\u00f3 el padre provincial de <b>San Nicol\u00e1s Tolentino<\/b>, <b>Marco Antonio<\/b>.<\/p>\n<p>En este mismo sentido, el <b>obispo auxiliar de Morelia <\/b>coment\u00f3 que \u201c<i>no hemos tomado medidas, porque como personas de fe, desde lo espiritual, nos encomendamos a <b>Dios<\/b>, pero la gente de las comunidades tiene siempre la atenci\u00f3n de cuidar del sacerdote, por eso <b>no tenemos ninguna protecci\u00f3n especial <\/b>para ello; nosotros hemos hecho el bien, y se nos ha regresado en mal, nos sentimos con mucha tristeza, dolor con mucha impotencia, lo que pedimos nosotros es a nuestras autoridades es que se restablezca el estado de derecho y se cumplan las leyes y no haya impunidad<\/i>\u201d.<\/p>\n<p>Al t\u00e9rmino de la celebraci\u00f3n religiosa, familiares, frailes agustinos acompa\u00f1aron en el cortejo f\u00fanebre hacia el <b>pante\u00f3n Villas de la Paz<\/b>, en donde descansar\u00e1n los restos del <b>padre Javier Garc\u00eda Villafa\u00f1a<\/b>.<\/p>\n<\/div>\n<p><script>(function(d, s, id) {\nvar js, fjs = d.getElementsByTagName(s)[0];\nif (d.getElementById(id)) return;\njs = d.createElement(s); js.id = id;\njs.src = 'https:\/\/connect.facebook.net\/es_LA\/sdk.js#xfbml=1&version=v3.2&appId=899106460676237&autoLogAppEvents=1';\nfjs.parentNode.insertBefore(js, fjs);\n}(document, 'script', 'facebook-jssdk'));\n<\/script><\/p>\n","protected":false},"excerpt":{"rendered":"<p>Salamanca, Gto. (OEM-Informex).- Frailes agustinos despiden con misa al padre Garc\u00eda Villafa\u00f1a, quien fuera privado de su vida el pasado lunes en la carretera a Cuitzeo, en el estado de Michoac\u00e1n. Durante el transcurso del d\u00eda su cuerpo arrib\u00f3 a su municipio de origen. \u27a1 Suscr\u00edbete a nuestra edici\u00f3n digital La tarde de este mi\u00e9rcoles, [&hellip;]<\/p>\n","protected":false},"author":2,"featured_media":10695,"comment_status":"","ping_status":"","sticky":false,"template":"","format":"standard","meta":{"_monsterinsights_skip_tracking":false,"_monsterinsights_sitenote_active":false,"_monsterinsights_sitenote_note":"","_monsterinsights_sitenote_category":0,"footnotes":""},"categories":[8],"tags":[],"class_list":["post-10694","post","type-post","status-publish","format-standard","has-post-thumbnail","hentry","category-guanajuato"],"_links":{"self":[{"href":"https:\/\/informebajio.com.mx\/index.php?rest_route=\/wp\/v2\/posts\/10694","targetHints":{"allow":["GET"]}}],"collection":[{"href":"https:\/\/informebajio.com.mx\/index.php?rest_route=\/wp\/v2\/posts"}],"about":[{"href":"https:\/\/informebajio.com.mx\/index.php?rest_route=\/wp\/v2\/types\/post"}],"author":[{"embeddable":true,"href":"https:\/\/informebajio.com.mx\/index.php?rest_route=\/wp\/v2\/users\/2"}],"replies":[{"embeddable":true,"href":"https:\/\/informebajio.com.mx\/index.php?rest_route=%2Fwp%2Fv2%2Fcomments&post=10694"}],"version-history":[{"count":0,"href":"https:\/\/informebajio.com.mx\/index.php?rest_route=\/wp\/v2\/posts\/10694\/revisions"}],"wp:featuredmedia":[{"embeddable":true,"href":"https:\/\/informebajio.com.mx\/index.php?rest_route=\/wp\/v2\/media\/10695"}],"wp:attachment":[{"href":"https:\/\/informebajio.com.mx\/index.php?rest_route=%2Fwp%2Fv2%2Fmedia&parent=10694"}],"wp:term":[{"taxonomy":"category","embeddable":true,"href":"https:\/\/informebajio.com.mx\/index.php?rest_route=%2Fwp%2Fv2%2Fcategories&post=10694"},{"taxonomy":"post_tag","embeddable":true,"href":"https:\/\/informebajio.com.mx\/index.php?rest_route=%2Fwp%2Fv2%2Ftags&post=10694"}],"curies":[{"name":"wp","href":"https:\/\/api.w.org\/{rel}","templated":true}]}}