{"id":10700,"date":"2023-05-25T19:11:33","date_gmt":"2023-05-26T00:11:33","guid":{"rendered":"https:\/\/informebajio.com.mx\/?p=10700"},"modified":"2023-05-25T19:11:33","modified_gmt":"2023-05-26T00:11:33","slug":"mexico-el-pais-mas-peligroso-de-america-latina-para-ejercer-el-sacerdocio","status":"publish","type":"post","link":"https:\/\/informebajio.com.mx\/?p=10700","title":{"rendered":"M\u00e9xico, el pa\u00eds m\u00e1s peligroso de Am\u00e9rica Latina para ejercer el sacerdocio"},"content":{"rendered":"<div id=\"content-body-5851641-10116390\">\n<p><b>CELAYA, Gto. (OEM-Informex).-<\/b> Con los <b>ataques registrados contra el Arzobispo de Durango, Faustino Armend\u00e1riz Jim\u00e9nez y Fray Javier Garc\u00eda Villafa\u00f1a,<\/b> quien <b>fue asesinado, el pasado 21 y 22<\/b> <b>de mayo,<\/b> <b>respectivamente, el padre Jos\u00e9 Natanael Torres Garc\u00eda,<\/b> sacerdote de la <b>Di\u00f3cesis de Celaya<\/b> que se especializa en <b>Derecho Can\u00f3nico en Roma,<\/b> mencion\u00f3 que <b>\u201cqueda evidenciada la estad\u00edstica que pone a M\u00e9xico como el pa\u00eds m\u00e1s peligroso de Latinoam\u00e9rica para ejercer el sacerdocio o cualquier otra labor religiosa, una realidad que hunde sus ra\u00edces m\u00e1s profundas en la relativizaci\u00f3n de los valores y en la consecuente deshumanizaci\u00f3n y desacralizaci\u00f3n de la vida\u201d.<\/b><\/p>\n<p><b><a href=\"http:\/\/oem.pressreader.com\/el-sol-de-bajio\" target=\"_self\" rel=\"Follow noopener\">\u27a1\ufe0fSuscr\u00edbete a nuestra edici\u00f3n digital<\/a><\/b><\/p>\n<p>Ya que de acuerdo con la Unidad de Investigaciones Especiales del Centro Cat\u00f3lico Multimedial <b>(CCM)<\/b> en el <b>\u201cReporte Anual 2021: Situaci\u00f3n de la Iglesia Cat\u00f3lica ante la violencia en M\u00e9xico\u201d,<\/b> se informa que <b>el pa\u00eds mexicano es de los m\u00e1s peligrosos en Am\u00e9rica Latina para ejercer el sacerdocio, <\/b>ya que <b>en los \u00faltimos 31 a\u00f1os se cometieron 79 atentados contra sacerdotes, religiosos e integrantes de la Iglesia Cat\u00f3lica. <\/b><\/p>\n<p>Consider\u00f3 que los recientes ataques a los sacerdotes, <b>uno en Durango y contra Fray Javier la noche del lunes en la carretera que conduce de Cuitzeo-Capacho, en el municipio de Huandacareo, Michoac\u00e1n, <\/b>as\u00ed como de cualquier otra persona <b>\u201ces un claro reflejo de que, por un lado, como sociedad hemos entrado en una grave decadencia moral y espiritual, y por otro, que el crimen organizado ha doblegado a las instituciones, actuando con impunidad y sobrepasando con mucho las capacidades del Estado de Derecho\u201d. <\/b><\/p>\n<p><b><br \/><\/b><\/p>\n<p>Mencion\u00f3 que su opini\u00f3n sobre el atentado y el homicidio de sus hermanos sacerdotes es el mismo que el de los obispos mexicanos: <b>\u201cQue todo acto de violencia e impunidad debe ser tanto rechazado como condenado\u201d. <\/b> <\/p>\n<h2><b><i>NO HAY TEMOR DE DIOS<\/i><\/b><\/h2>\n<p><b>\u201cLo vemos claramente en todas las realidades sociales, muchas familias actuales est\u00e1n compuestas de matrimonios disfuncionales, formadas en una educaci\u00f3n sin principios, valores, ni educaci\u00f3n religiosa. Muchos hijos hoy aprenden de sus padres a ser machistas, violentos, a tener adicciones como el alcohol y otras drogas, pero ya no m\u00e1s cosas buenas y de provecho para la vida\u201d.<\/b><\/p>\n<p>Indic\u00f3 que tambi\u00e9n a los hijos se les est\u00e1n ense\u00f1ando antivalores inspirados en el mundo de la <b>narco-cultura, a venerar la muerte y aborrecer la vida<\/b>, m\u00e1s la de quienes se convierten en enemigos o adversarios a vencer. <\/p>\n<p><b>\u201cMuchos ni\u00f1os sue\u00f1an con ser narcos de alto nivel, esposas de criminales de alto rango y otros juegan en las calles a los sicarios. Todo este ambiente nos habla en nuestro pa\u00eds de un mundo que se ha olvidado de Dios consider\u00e1ndolo una mera idea o imagen que estorba en la vida personal, familiar y social. Ya San Juan Pablo II profetizaba, que el olvido de Dios nos costar\u00eda muy caro. Y apenas estamos comenzando a ver las consecuencias\u201d.<\/b><\/p>\n<p>El sacerdote asever\u00f3 que <b>\u201clo peor est\u00e1 por venir. Y si ya no hay temor de Dios, \u00bfHabr\u00e1 respeto para sus consagrados? Claramente no. Y eso que parec\u00eda lejano, hoy es una realidad. La falta de respeto total a Dios, a los religiosos, a la doctrina y a la Iglesia como tal, perseguida sistem\u00e1ticamente por tantos gobiernos y medios de comunicaci\u00f3n que invierten dinero y recursos para financiar una campa\u00f1a antieclesial y anticlerical. Y todo esto, reitero, en M\u00e9xico, es muy evidente. La persecuci\u00f3n religiosa ha existido siempre, y se agrava cuando el estado en turno es pronunciadamente anticristiano\u201d.<\/b> <\/p>\n<h2><b><i>DESAF\u00cdO PARA LA IGLESIA<\/i><\/b><\/h2>\n<p>Para la <b>Iglesia Mexicana,<\/b> dijo, este panorama actual les pone un desaf\u00edo muy grande, ya que a ellos como pastores les est\u00e1 exigiendo a salir de las oficinas y salones parroquiales, porque muchos de ellos a\u00fan permanecen atrincherados y est\u00e1ticos ante la cruda realidad en que sus <b>\u201creba\u00f1os\u201d<\/b> sufren por tantas injusticias y por tanta impunidad. <\/p>\n<p><b>\u201cNos est\u00e1 obligando a alzar la voz y defender nuestra libertad de fe y nuestros principios cristianos de todas aquellas voces medi\u00e1ticas que representan un progresismo que es a todas luces antimoral y anticristiano. A confrontar a las autoridades que nos quieren privar de garant\u00edas a quienes nos decimos creyentes\u201d. <\/b><\/p>\n<p><b>\u201cEn fin, los obispos no se han quedado callados y han hecho frente a muchas cosas que han exigido de nosotros una respuesta. Y a\u00fan falta mucho por hacer. Yo invito a los fieles, y a mis hermanos sacerdotes, a seguir el ejemplo de Cristo, dar la vida en todo lo que hacemos y seguir desgastando las fuerzas en esos proyectos y labores que, aunque incomodan a muchos, habla de que la fe sigue siendo luz en medio de la oscuridad\u201d. <\/b><\/p>\n<p>Destac\u00f3 que, si su voz no resonara, no habr\u00eda quienes desear\u00edan callarlos. Adem\u00e1s, asegur\u00f3 que si las obras de fe no transformaran el mundo, no existir\u00edan enemigos como los que ahora tiene la Iglesia, por tal motivo, dijo que es importante seguir trabajando, pues la obra que ellos desempe\u00f1an no es suya, sino de <b>Dios \u201cque con su Esp\u00edritu nos anima a seguir adelante\u201d. <\/b><\/p>\n<p><b>\u201cQuisiera, con caridad, hacer un llamado a las autoridades, pidiendo que por un momento dejen de estar pensando en el futuro propio y de su partido, para ponerse a solucionar los problemas del presente, pues el tejido social no se reconstruye s\u00f3lo dando becas y pensiones, pavimentando calles y tapando baches\u201d. <\/b><\/p>\n<p><b>\u201cEl pueblo urge de nosotros, estado e Iglesia, la promoci\u00f3n de una renovada formaci\u00f3n humana, que d\u00e9 las bases, tanto a padres de familia como a l\u00edderes sociales, las herramientas para ir trabajando la sanaci\u00f3n de cada una de las realidades en que se encuentran inmersos\u201d.<\/b><\/p>\n<p>Finalmente, refiri\u00f3 que <b>&#8220;estado laico&#8221;,<\/b> no significa que sea ateo, ni mucho menos anticristiano, de lo contrario, es m\u00e1s bien ideol\u00f3gico. <b>\u201cOjal\u00e1 que se impulse un trabajo en conjunto que permita la instauraci\u00f3n de la justicia y la paz que tanto anhelamos los mexicanos y los creyentes en Cristo Jes\u00fas\u201d.<\/b><\/p>\n<\/div>\n<p><script>(function(d, s, id) {\nvar js, fjs = d.getElementsByTagName(s)[0];\nif (d.getElementById(id)) return;\njs = d.createElement(s); js.id = id;\njs.src = 'https:\/\/connect.facebook.net\/es_LA\/sdk.js#xfbml=1&version=v3.2&appId=899106460676237&autoLogAppEvents=1';\nfjs.parentNode.insertBefore(js, fjs);\n}(document, 'script', 'facebook-jssdk'));\n<\/script><\/p>\n","protected":false},"excerpt":{"rendered":"<p>CELAYA, Gto. (OEM-Informex).- Con los ataques registrados contra el Arzobispo de Durango, Faustino Armend\u00e1riz Jim\u00e9nez y Fray Javier Garc\u00eda Villafa\u00f1a, quien fue asesinado, el pasado 21 y 22 de mayo, respectivamente, el padre Jos\u00e9 Natanael Torres Garc\u00eda, sacerdote de la Di\u00f3cesis de Celaya que se especializa en Derecho Can\u00f3nico en Roma, mencion\u00f3 que \u201cqueda evidenciada [&hellip;]<\/p>\n","protected":false},"author":2,"featured_media":10701,"comment_status":"","ping_status":"","sticky":false,"template":"","format":"standard","meta":{"_monsterinsights_skip_tracking":false,"_monsterinsights_sitenote_active":false,"_monsterinsights_sitenote_note":"","_monsterinsights_sitenote_category":0,"footnotes":""},"categories":[8],"tags":[],"class_list":["post-10700","post","type-post","status-publish","format-standard","has-post-thumbnail","hentry","category-guanajuato"],"_links":{"self":[{"href":"https:\/\/informebajio.com.mx\/index.php?rest_route=\/wp\/v2\/posts\/10700","targetHints":{"allow":["GET"]}}],"collection":[{"href":"https:\/\/informebajio.com.mx\/index.php?rest_route=\/wp\/v2\/posts"}],"about":[{"href":"https:\/\/informebajio.com.mx\/index.php?rest_route=\/wp\/v2\/types\/post"}],"author":[{"embeddable":true,"href":"https:\/\/informebajio.com.mx\/index.php?rest_route=\/wp\/v2\/users\/2"}],"replies":[{"embeddable":true,"href":"https:\/\/informebajio.com.mx\/index.php?rest_route=%2Fwp%2Fv2%2Fcomments&post=10700"}],"version-history":[{"count":0,"href":"https:\/\/informebajio.com.mx\/index.php?rest_route=\/wp\/v2\/posts\/10700\/revisions"}],"wp:featuredmedia":[{"embeddable":true,"href":"https:\/\/informebajio.com.mx\/index.php?rest_route=\/wp\/v2\/media\/10701"}],"wp:attachment":[{"href":"https:\/\/informebajio.com.mx\/index.php?rest_route=%2Fwp%2Fv2%2Fmedia&parent=10700"}],"wp:term":[{"taxonomy":"category","embeddable":true,"href":"https:\/\/informebajio.com.mx\/index.php?rest_route=%2Fwp%2Fv2%2Fcategories&post=10700"},{"taxonomy":"post_tag","embeddable":true,"href":"https:\/\/informebajio.com.mx\/index.php?rest_route=%2Fwp%2Fv2%2Ftags&post=10700"}],"curies":[{"name":"wp","href":"https:\/\/api.w.org\/{rel}","templated":true}]}}