{"id":10702,"date":"2023-05-25T19:39:02","date_gmt":"2023-05-26T00:39:02","guid":{"rendered":"https:\/\/informebajio.com.mx\/?p=10702"},"modified":"2023-05-25T19:39:02","modified_gmt":"2023-05-26T00:39:02","slug":"ofertaran-mas-de-200-vacantes-en-rincon-de-tamayo","status":"publish","type":"post","link":"https:\/\/informebajio.com.mx\/?p=10702","title":{"rendered":"Ofertar\u00e1n m\u00e1s de 200 vacantes en Rinc\u00f3n de Tamayo"},"content":{"rendered":"<div id=\"content-body-5851641-10116819\">\n<p><b>CELAYA, Gto. (OEM-Informex).-<\/b> Con una <b>oferta de m\u00e1s de 200 plazas de trabajo,<\/b> por primera vez <b>la jornada laboral,<\/b> organizada por el gobierno municipal a trav\u00e9s de la <b>Direcci\u00f3n de Desarrollo<\/b> <b>Econ\u00f3mico,<\/b> se llevar\u00e1 a cabo en la comunidad de <b>Rinc\u00f3n de Tamayo,<\/b> as\u00ed lo inform\u00f3 <b>Eduardo Knapp<\/b> <b>Hern\u00e1ndez, director de Desarrollo Econ\u00f3mico.<\/b><\/p>\n<p><b><a href=\"http:\/\/oem.pressreader.com\/el-sol-de-bajio\" target=\"_self\" rel=\"Follow noopener\">\u27a1\ufe0fSuscr\u00edbete a nuestra edici\u00f3n digital<\/a><\/b><\/p>\n<p>El funcionario municipal se\u00f1al\u00f3 que esta <b>jornada laboral se realizar\u00e1 el pr\u00f3ximo 30 de mayo de 9:00 de la ma\u00f1ana a 1:00 de la tarde en la explanada de la comunidad.<\/b><\/p>\n<p><b>Se ofertar\u00e1n 200 plazas operativas, de producci\u00f3n, electromec\u00e1nico, bioqu\u00edmico, ayudantes generales, t\u00e9cnicos en refrigeraci\u00f3n,<\/b> entre otros puestos dependiendo la empresa.<\/p>\n<p>Entre las empresas participantes est\u00e1n: <b>Honda, Yorozu, Toyota, Celfos, CSI Express, Clarios, Megacable, Prevenci\u00f3n de seguridad y Protecci\u00f3n Civil y Pascual.<\/b> El director de Desarrollo Econ\u00f3mico, mencion\u00f3 que el n\u00famero de empresas podr\u00eda aumentar, ya que en estos d\u00edas se estar\u00e1 visitando otras empresas para invitarlas a participar en esta <b>Jornada Laboral.<\/b> <\/p>\n<p>Los requisitos son los que cada empresa le solicita al trabajador, una vez que se acerca a solicitar empleo.<\/p>\n<p><b>Eduardo Knapp Hern\u00e1ndez<\/b> dijo que pr\u00f3ximamente se realizar\u00e1n otras jornadas laborales en diferentes comunidades rurales, se busca que sean una o dos cada tres meses, y resalt\u00f3 que hay proveedores de <b>Toyota, <\/b>que van a requerir <b>90 trabajadores en el transcurso del a\u00f1o, <\/b>otra <b>200 <\/b>y as\u00ed hay varias que van requiriendo trabajadores en diferentes etapas.<\/p>\n<p>El funcionario se\u00f1al\u00f3 que en junio se realizar\u00e1n otros eventos como: <b>el encuentro de reclutadores, jornada laboral para mujeres y otro laboral con el SABES, <\/b>pero en d\u00edas pr\u00f3ximos dar\u00e1 m\u00e1s detalles de estos.<\/p>\n<\/div>\n<p><script>(function(d, s, id) {\nvar js, fjs = d.getElementsByTagName(s)[0];\nif (d.getElementById(id)) return;\njs = d.createElement(s); js.id = id;\njs.src = 'https:\/\/connect.facebook.net\/es_LA\/sdk.js#xfbml=1&version=v3.2&appId=899106460676237&autoLogAppEvents=1';\nfjs.parentNode.insertBefore(js, fjs);\n}(document, 'script', 'facebook-jssdk'));\n<\/script><\/p>\n","protected":false},"excerpt":{"rendered":"<p>CELAYA, Gto. (OEM-Informex).- Con una oferta de m\u00e1s de 200 plazas de trabajo, por primera vez la jornada laboral, organizada por el gobierno municipal a trav\u00e9s de la Direcci\u00f3n de Desarrollo Econ\u00f3mico, se llevar\u00e1 a cabo en la comunidad de Rinc\u00f3n de Tamayo, as\u00ed lo inform\u00f3 Eduardo Knapp Hern\u00e1ndez, director de Desarrollo Econ\u00f3mico. \u27a1\ufe0fSuscr\u00edbete a [&hellip;]<\/p>\n","protected":false},"author":2,"featured_media":10703,"comment_status":"","ping_status":"","sticky":false,"template":"","format":"standard","meta":{"_monsterinsights_skip_tracking":false,"_monsterinsights_sitenote_active":false,"_monsterinsights_sitenote_note":"","_monsterinsights_sitenote_category":0,"footnotes":""},"categories":[8],"tags":[],"class_list":["post-10702","post","type-post","status-publish","format-standard","has-post-thumbnail","hentry","category-guanajuato"],"_links":{"self":[{"href":"https:\/\/informebajio.com.mx\/index.php?rest_route=\/wp\/v2\/posts\/10702","targetHints":{"allow":["GET"]}}],"collection":[{"href":"https:\/\/informebajio.com.mx\/index.php?rest_route=\/wp\/v2\/posts"}],"about":[{"href":"https:\/\/informebajio.com.mx\/index.php?rest_route=\/wp\/v2\/types\/post"}],"author":[{"embeddable":true,"href":"https:\/\/informebajio.com.mx\/index.php?rest_route=\/wp\/v2\/users\/2"}],"replies":[{"embeddable":true,"href":"https:\/\/informebajio.com.mx\/index.php?rest_route=%2Fwp%2Fv2%2Fcomments&post=10702"}],"version-history":[{"count":0,"href":"https:\/\/informebajio.com.mx\/index.php?rest_route=\/wp\/v2\/posts\/10702\/revisions"}],"wp:featuredmedia":[{"embeddable":true,"href":"https:\/\/informebajio.com.mx\/index.php?rest_route=\/wp\/v2\/media\/10703"}],"wp:attachment":[{"href":"https:\/\/informebajio.com.mx\/index.php?rest_route=%2Fwp%2Fv2%2Fmedia&parent=10702"}],"wp:term":[{"taxonomy":"category","embeddable":true,"href":"https:\/\/informebajio.com.mx\/index.php?rest_route=%2Fwp%2Fv2%2Fcategories&post=10702"},{"taxonomy":"post_tag","embeddable":true,"href":"https:\/\/informebajio.com.mx\/index.php?rest_route=%2Fwp%2Fv2%2Ftags&post=10702"}],"curies":[{"name":"wp","href":"https:\/\/api.w.org\/{rel}","templated":true}]}}