{"id":10712,"date":"2023-05-25T21:20:26","date_gmt":"2023-05-26T02:20:26","guid":{"rendered":"https:\/\/informebajio.com.mx\/?p=10712"},"modified":"2023-05-25T21:20:26","modified_gmt":"2023-05-26T02:20:26","slug":"celaya-privilegiara-la-voz-de-los-empresarios-ante-posible-cierre-de-bares-a-las-dos-de-la-manana","status":"publish","type":"post","link":"https:\/\/informebajio.com.mx\/?p=10712","title":{"rendered":"Celaya privilegiar\u00e1 la voz de los empresarios ante posible cierre de bares a las dos de la ma\u00f1ana"},"content":{"rendered":"<div id=\"content-body-5851641-10114226\">\n<p>Le\u00f3n, Gto.- Ante la iniciativa para que los bares de Guanajuato cierren a las 2:00 horas para inhibir la violencia en la entidad, durante una visita a Le\u00f3n,<b> el presidente municipal de Celaya, Javier Mendoza M\u00e1rquez, dijo que el sector empresarial de ese municipio ve complicado el acuerdo y que desde su gobierno se va a privilegiar la voz de los empresarios <\/b>ya que apenas se est\u00e1n recuperando econ\u00f3micamente de la pandemia.<\/p>\n<p>\u27a1 <u><a rel=\"Follow noopener\" target=\"_blank\" href=\"https:\/\/oem.pressreader.com\/el-sol-de-leon\"><b>Suscr\u00edbete a nuestra edici\u00f3n digital<\/b><\/a><\/u><\/p>\n<p>Adem\u00e1s, ante el cuestionamiento de cu\u00e1ndo podr\u00eda ser la fecha en que se fije una postura referente al tema, ya que las autoridades estatales aseguraron que deber\u00e1n estar coordinados antes del 31 de mayo, <b>pidi\u00f3 que no se \u201cviolente\u201d el tema y que no tienen un d\u00eda establecido.<\/b><\/p>\n<p><b>\u201cEllos ven complicado porque al final de cuentas afecta precisamente el lado econ\u00f3mico, no hemos llegado, no sabemos ni fecha definida, yo creo que no podemos violentar las cosas, hay que seguir dialogando, es la mejor herramienta. Como en todo, hay quien est\u00e1 con la disposici\u00f3n, hay quien de alguna manera apenas se est\u00e1 empezando a recuperar despu\u00e9s de la pandemia, de la recesi\u00f3n econ\u00f3mica y tenemos que ser conscientes de eso\u201d,<\/b> dijo.<\/p>\n<p><b>Javier Mendoza defendi\u00f3 que se va a privilegiar la opini\u00f3n de los empresarios<\/b> aunque en ning\u00fan momento dijo que no se sumar\u00edan, s\u00f3lo que se mantendr\u00e1n en di\u00e1logo.<\/p>\n<p>Referente a los m\u00faltiples ataques que han recibido elementos de la Polic\u00eda de dicho municipio, dijo que la informaci\u00f3n la tiene el secretario de <b>Seguridad P\u00fablica de Celaya<\/b> ya que es un tema de seguridad.<\/p>\n<p>\u201cQueremos privilegiar mucho la opini\u00f3n que nos den los empresarios, no tenemos fecha, no queremos violentarlo, hay que dar el tiempo necesario (en cuanto el tema de los polic\u00edas) eso lo est\u00e1 manejando directamente el secretario, \u00e9l la mantiene porque por ser un tema de seguridad yo prefiero dejar el tema que lo maneje \u00e9l, estamos trabajando, lo est\u00e1 viendo directamente el secretario\u201d, agreg\u00f3.<\/p>\n<p>En lo que va de este a\u00f1o, <b>se han registrado al menos cinco agresiones con polic\u00edas de Celaya<\/b>, por parte de Javier Mendoza asegur\u00f3 que continuar\u00e1n trabajando para brindarles protecci\u00f3n.<\/p>\n<\/div>\n<p><script>(function(d, s, id) {\nvar js, fjs = d.getElementsByTagName(s)[0];\nif (d.getElementById(id)) return;\njs = d.createElement(s); js.id = id;\njs.src = 'https:\/\/connect.facebook.net\/es_LA\/sdk.js#xfbml=1&version=v3.2&appId=899106460676237&autoLogAppEvents=1';\nfjs.parentNode.insertBefore(js, fjs);\n}(document, 'script', 'facebook-jssdk'));\n<\/script><\/p>\n","protected":false},"excerpt":{"rendered":"<p>Le\u00f3n, Gto.- Ante la iniciativa para que los bares de Guanajuato cierren a las 2:00 horas para inhibir la violencia en la entidad, durante una visita a Le\u00f3n, el presidente municipal de Celaya, Javier Mendoza M\u00e1rquez, dijo que el sector empresarial de ese municipio ve complicado el acuerdo y que desde su gobierno se va [&hellip;]<\/p>\n","protected":false},"author":2,"featured_media":10713,"comment_status":"","ping_status":"","sticky":false,"template":"","format":"standard","meta":{"_monsterinsights_skip_tracking":false,"_monsterinsights_sitenote_active":false,"_monsterinsights_sitenote_note":"","_monsterinsights_sitenote_category":0,"footnotes":""},"categories":[8],"tags":[],"class_list":["post-10712","post","type-post","status-publish","format-standard","has-post-thumbnail","hentry","category-guanajuato"],"_links":{"self":[{"href":"https:\/\/informebajio.com.mx\/index.php?rest_route=\/wp\/v2\/posts\/10712","targetHints":{"allow":["GET"]}}],"collection":[{"href":"https:\/\/informebajio.com.mx\/index.php?rest_route=\/wp\/v2\/posts"}],"about":[{"href":"https:\/\/informebajio.com.mx\/index.php?rest_route=\/wp\/v2\/types\/post"}],"author":[{"embeddable":true,"href":"https:\/\/informebajio.com.mx\/index.php?rest_route=\/wp\/v2\/users\/2"}],"replies":[{"embeddable":true,"href":"https:\/\/informebajio.com.mx\/index.php?rest_route=%2Fwp%2Fv2%2Fcomments&post=10712"}],"version-history":[{"count":0,"href":"https:\/\/informebajio.com.mx\/index.php?rest_route=\/wp\/v2\/posts\/10712\/revisions"}],"wp:featuredmedia":[{"embeddable":true,"href":"https:\/\/informebajio.com.mx\/index.php?rest_route=\/wp\/v2\/media\/10713"}],"wp:attachment":[{"href":"https:\/\/informebajio.com.mx\/index.php?rest_route=%2Fwp%2Fv2%2Fmedia&parent=10712"}],"wp:term":[{"taxonomy":"category","embeddable":true,"href":"https:\/\/informebajio.com.mx\/index.php?rest_route=%2Fwp%2Fv2%2Fcategories&post=10712"},{"taxonomy":"post_tag","embeddable":true,"href":"https:\/\/informebajio.com.mx\/index.php?rest_route=%2Fwp%2Fv2%2Ftags&post=10712"}],"curies":[{"name":"wp","href":"https:\/\/api.w.org\/{rel}","templated":true}]}}