{"id":10716,"date":"2023-05-25T21:59:48","date_gmt":"2023-05-26T02:59:48","guid":{"rendered":"https:\/\/informebajio.com.mx\/?p=10716"},"modified":"2023-05-25T21:59:48","modified_gmt":"2023-05-26T02:59:48","slug":"diputados-dejan-plantados-a-ex-braceros-de-michoacan","status":"publish","type":"post","link":"https:\/\/informebajio.com.mx\/?p=10716","title":{"rendered":"Diputados dejan \u201cplantados\u201d a ex braceros de Michoac\u00e1n\u00a0"},"content":{"rendered":"<div id=\"content-body-225-10119408\">\n<p>Morelia, Michoac\u00e1n (OEM-Infomex).- <b>Ex braceros de Michoac\u00e1n,<\/b> fueron \u201cplantados\u201d por los diputados de la Comisi\u00f3n de Migraci\u00f3n que convocaron a un di\u00e1logo en el Congreso para que a los <b>m\u00e1s de 40 mil ex trabajadores en los Estados Unidos <\/b>puedan obtener su pago adeudado desde <b>hace 80 a\u00f1os. <\/b><\/p>\n<p>Con m\u00e1s de media hora de retraso, inici\u00f3 el evento protocolario titulado<i><b> \u201cDi\u00e1logo con ex braceros y jornaleros agr\u00edcolas. Las Grandes Deudas\u201d<\/b><\/i>, en el Sal\u00f3n de Recepci\u00f3n del Palacio Legislativo, en el cual no estuvo el presidente de la Comisi\u00f3n de Migraci\u00f3n, el diputado <b>Victor Manr\u00edquez Gonz\u00e1lez n<\/b>i tampoco sus integrantes los legisladores<b>, Jes\u00fas Hern\u00e1ndez Pe\u00f1a y Er\u00e9ndira Isauro Hern\u00e1ndez. <\/b><\/p>\n<p>En representaci\u00f3n de la <b>Comisi\u00f3n de Migraci\u00f3n<\/b>, estuvo la diputada del Partido Revolucionario Institucional (PRI), <b>Guillermina R\u00edos. <\/b><\/p>\n<p><b><br \/><\/b><\/p>\n<p>En el evento, donde estuvieron presentes los ex braceros, principalmente mujeres de la tercera edad, <b>exigieron al gobierno federal de Andr\u00e9s Manuel L\u00f3pez Obrador<\/b> cubrir la deuda hist\u00f3rica de las d<b>e 80 a\u00f1os que mantiene el estado mexicano<\/b> con los ex trabajadores del programa<b> Braceroproa, <\/b>que en total suman alrededor de <b>40 mil michoacanos <\/b>a quienes les deben cerca de mil 500 millones de pesos. <\/p>\n<p>El presidente de la <b>Coalici\u00f3n Migrante, Pedro Hern\u00e1ndez Carapia<\/b>, se\u00f1al\u00f3 que s\u00f3lo est\u00e1n a la espera de que el presidente del pa\u00eds, L\u00f3pez Obrador muestre voluntad pol\u00edtica para que se establezca la mesa de negociaci\u00f3n misma que ya se hab\u00eda acordado en conjunto con la<b> Comisi\u00f3n Interamericana de Derechos Humanos (CIDH). <\/b><\/p>\n<p><i>\u201cEsperamos tambi\u00e9n que desde el gobierno estatal puedan hacer presi\u00f3n, porque de parte de los ex braceros y sus familiares hay disposici\u00f3n y flexibilidad\u201d, <\/i>agreg\u00f3. <\/p>\n<p>En entrevista, e<b>l investigador de la Universidad de Guanajuato, Eduardo Fern\u00e1ndez Guzman,<\/b> consider\u00f3 que el programa ex braceros es de gran trascendencia en la historia de la migraci\u00f3n en el pa\u00eds, porque generaron la productividad, invirtieron y crearon vivienda, as\u00ed como la salud en los <b>Estados Unidos. <\/b><\/p>\n<p><b><br \/><\/b><\/p>\n<p>Sin embargo, despu\u00e9s de ese <b>periodo hist\u00f3rico que se llev\u00f3 de 1945 a 1960, <\/b>el fen\u00f3meno de la migraci\u00f3n provocada por los ex braceros ha sido poco valorado, debido a que muchos de los ex braceros quedaron en la orfandad, vivieron descuidados y se quedaron en la orfandad. <\/p>\n<p><i>\u201cEste di\u00e1logo, es para reconocer su labor en el proceso migratorio. Y hoy en d\u00eda hay un recogimiento sobre las remesas, pero esto es producto de un proceso hist\u00f3rico y los ex braceros lo cimentaron en el pa\u00eds\u201d,<\/i> subray\u00f3.<\/p>\n<\/div>\n<p><script>(function(d, s, id) {\nvar js, fjs = d.getElementsByTagName(s)[0];\nif (d.getElementById(id)) return;\njs = d.createElement(s); js.id = id;\njs.src = 'https:\/\/connect.facebook.net\/es_LA\/sdk.js#xfbml=1&version=v3.2&appId=2304818722879035&autoLogAppEvents=1';\nfjs.parentNode.insertBefore(js, fjs);\n}(document, 'script', 'facebook-jssdk'));\n<\/script><\/p>\n","protected":false},"excerpt":{"rendered":"<p>Morelia, Michoac\u00e1n (OEM-Infomex).- Ex braceros de Michoac\u00e1n, fueron \u201cplantados\u201d por los diputados de la Comisi\u00f3n de Migraci\u00f3n que convocaron a un di\u00e1logo en el Congreso para que a los m\u00e1s de 40 mil ex trabajadores en los Estados Unidos puedan obtener su pago adeudado desde hace 80 a\u00f1os. Con m\u00e1s de media hora de retraso, [&hellip;]<\/p>\n","protected":false},"author":2,"featured_media":10717,"comment_status":"","ping_status":"","sticky":false,"template":"","format":"standard","meta":{"_monsterinsights_skip_tracking":false,"_monsterinsights_sitenote_active":false,"_monsterinsights_sitenote_note":"","_monsterinsights_sitenote_category":0,"footnotes":""},"categories":[7],"tags":[],"class_list":["post-10716","post","type-post","status-publish","format-standard","has-post-thumbnail","hentry","category-michoacan"],"_links":{"self":[{"href":"https:\/\/informebajio.com.mx\/index.php?rest_route=\/wp\/v2\/posts\/10716","targetHints":{"allow":["GET"]}}],"collection":[{"href":"https:\/\/informebajio.com.mx\/index.php?rest_route=\/wp\/v2\/posts"}],"about":[{"href":"https:\/\/informebajio.com.mx\/index.php?rest_route=\/wp\/v2\/types\/post"}],"author":[{"embeddable":true,"href":"https:\/\/informebajio.com.mx\/index.php?rest_route=\/wp\/v2\/users\/2"}],"replies":[{"embeddable":true,"href":"https:\/\/informebajio.com.mx\/index.php?rest_route=%2Fwp%2Fv2%2Fcomments&post=10716"}],"version-history":[{"count":0,"href":"https:\/\/informebajio.com.mx\/index.php?rest_route=\/wp\/v2\/posts\/10716\/revisions"}],"wp:featuredmedia":[{"embeddable":true,"href":"https:\/\/informebajio.com.mx\/index.php?rest_route=\/wp\/v2\/media\/10717"}],"wp:attachment":[{"href":"https:\/\/informebajio.com.mx\/index.php?rest_route=%2Fwp%2Fv2%2Fmedia&parent=10716"}],"wp:term":[{"taxonomy":"category","embeddable":true,"href":"https:\/\/informebajio.com.mx\/index.php?rest_route=%2Fwp%2Fv2%2Fcategories&post=10716"},{"taxonomy":"post_tag","embeddable":true,"href":"https:\/\/informebajio.com.mx\/index.php?rest_route=%2Fwp%2Fv2%2Ftags&post=10716"}],"curies":[{"name":"wp","href":"https:\/\/api.w.org\/{rel}","templated":true}]}}