{"id":10730,"date":"2023-05-26T05:09:34","date_gmt":"2023-05-26T10:09:34","guid":{"rendered":"https:\/\/informebajio.com.mx\/?p=10730"},"modified":"2023-05-26T05:09:34","modified_gmt":"2023-05-26T10:09:34","slug":"reactiva-servicios-de-emergencia-cruz-roja-salvatierra","status":"publish","type":"post","link":"https:\/\/informebajio.com.mx\/?p=10730","title":{"rendered":"Reactiva servicios de emergencia Cruz Roja Salvatierra"},"content":{"rendered":"<div id=\"content-body-5851641-10121081\">\n<p><b>SALVATIERRA, Gto.-<\/b> Por medio de un comunicado, la <b>Delegaci\u00f3n Estatal de la Cruz Roja Mexicana<\/b> inform\u00f3 que en el municipio de <b>Salvatierra se reactivar\u00e1n las atenciones de los servicios de emergencias,<\/b> <b>luego de cinco d\u00edas de inactividad por falta de recursos,<\/b> seg\u00fan lo dicho por el presidente de la benem\u00e9rita instituci\u00f3n en el Municipio.<\/p>\n<p><b><a href=\"http:\/\/oem.pressreader.com\/el-sol-de-bajio\" target=\"_self\" rel=\"Follow noopener\">\u27a1\ufe0fSuscr\u00edbete a nuestra edici\u00f3n digital<\/a><\/b><\/p>\n<p>El delegado Estatal en <b>Guanajuato de Cruz Roja Mexicana, Guillermo Franco Ciurana,<\/b> manifest\u00f3 en el comunicado que <b>\u201cGracias al apoyo de la Delegaci\u00f3n Estatal, se han normalizado los servicios prehospitalarios en el municipio. Esta medida garantiza que continuaremos ofreciendo las atenciones habituales de emergencia m\u00e9dica, en beneficio de la poblaci\u00f3n de Salvatierra y sus alrededores\u201d.<\/b><\/p>\n<p><b><br \/><\/b><\/p>\n<p>Reafirm\u00f3 el compromiso de la <b>Cruz Roja Mexicana<\/b> de coadyuvar con el Gobierno Municipal, por lo que se llevar\u00e1 a cabo una reuni\u00f3n este <b>viernes 26 de mayo<\/b> con las autoridades municipales, en la cual se buscar\u00e1 generar una estrategia conjunta, de apoyo mutuo, teniendo como objetivo asegurar la continuidad de los servicios indispensables que la poblaci\u00f3n requiere en situaciones de emergencia. <\/p>\n<p><b>\u201cHacemos un llamado a todos los sectores sociales de Salvatierra a unirse en apoyo a la Cruz Roja Mexicana, ya que como instituci\u00f3n humanitaria, dependemos de la generosidad y solidaridad de la comunidad para seguir operando y brindando servicios de calidad a aquellos que m\u00e1s lo necesitan, su apoyo con donativos es fundamental para mantener nuestras ambulancias en funcionamiento, nuestro personal capacitado y nuestros equipos m\u00e9dicos actualizados\u201d,<\/b> finaliz\u00f3.<\/p>\n<p>Cabe recordar que el pasado <b>s\u00e1bado 20 de mayo la delegaci\u00f3n de Cruz Roja<\/b> en <b>Salvatierra<\/b> inform\u00f3 sobre la suspensi\u00f3n indefinida para la atenci\u00f3n de servicios de emergencias debido a una mala situaci\u00f3n econ\u00f3mica por lo que atraviesa la corporaci\u00f3n, mencionando que no pod\u00edan solventar los gastos de los traslados.<\/p>\n<\/div>\n<p><script>(function(d, s, id) {\nvar js, fjs = d.getElementsByTagName(s)[0];\nif (d.getElementById(id)) return;\njs = d.createElement(s); js.id = id;\njs.src = 'https:\/\/connect.facebook.net\/es_LA\/sdk.js#xfbml=1&version=v3.2&appId=899106460676237&autoLogAppEvents=1';\nfjs.parentNode.insertBefore(js, fjs);\n}(document, 'script', 'facebook-jssdk'));\n<\/script><\/p>\n","protected":false},"excerpt":{"rendered":"<p>SALVATIERRA, Gto.- Por medio de un comunicado, la Delegaci\u00f3n Estatal de la Cruz Roja Mexicana inform\u00f3 que en el municipio de Salvatierra se reactivar\u00e1n las atenciones de los servicios de emergencias, luego de cinco d\u00edas de inactividad por falta de recursos, seg\u00fan lo dicho por el presidente de la benem\u00e9rita instituci\u00f3n en el Municipio. \u27a1\ufe0fSuscr\u00edbete [&hellip;]<\/p>\n","protected":false},"author":2,"featured_media":10731,"comment_status":"","ping_status":"","sticky":false,"template":"","format":"standard","meta":{"_monsterinsights_skip_tracking":false,"_monsterinsights_sitenote_active":false,"_monsterinsights_sitenote_note":"","_monsterinsights_sitenote_category":0,"footnotes":""},"categories":[8],"tags":[],"class_list":["post-10730","post","type-post","status-publish","format-standard","has-post-thumbnail","hentry","category-guanajuato"],"_links":{"self":[{"href":"https:\/\/informebajio.com.mx\/index.php?rest_route=\/wp\/v2\/posts\/10730","targetHints":{"allow":["GET"]}}],"collection":[{"href":"https:\/\/informebajio.com.mx\/index.php?rest_route=\/wp\/v2\/posts"}],"about":[{"href":"https:\/\/informebajio.com.mx\/index.php?rest_route=\/wp\/v2\/types\/post"}],"author":[{"embeddable":true,"href":"https:\/\/informebajio.com.mx\/index.php?rest_route=\/wp\/v2\/users\/2"}],"replies":[{"embeddable":true,"href":"https:\/\/informebajio.com.mx\/index.php?rest_route=%2Fwp%2Fv2%2Fcomments&post=10730"}],"version-history":[{"count":0,"href":"https:\/\/informebajio.com.mx\/index.php?rest_route=\/wp\/v2\/posts\/10730\/revisions"}],"wp:featuredmedia":[{"embeddable":true,"href":"https:\/\/informebajio.com.mx\/index.php?rest_route=\/wp\/v2\/media\/10731"}],"wp:attachment":[{"href":"https:\/\/informebajio.com.mx\/index.php?rest_route=%2Fwp%2Fv2%2Fmedia&parent=10730"}],"wp:term":[{"taxonomy":"category","embeddable":true,"href":"https:\/\/informebajio.com.mx\/index.php?rest_route=%2Fwp%2Fv2%2Fcategories&post=10730"},{"taxonomy":"post_tag","embeddable":true,"href":"https:\/\/informebajio.com.mx\/index.php?rest_route=%2Fwp%2Fv2%2Ftags&post=10730"}],"curies":[{"name":"wp","href":"https:\/\/api.w.org\/{rel}","templated":true}]}}