{"id":10744,"date":"2023-05-26T10:35:16","date_gmt":"2023-05-26T15:35:16","guid":{"rendered":"https:\/\/informebajio.com.mx\/?p=10744"},"modified":"2023-05-26T10:35:16","modified_gmt":"2023-05-26T15:35:16","slug":"la-virgen-de-la-luz-intercede-por-la-salud-de-jairo","status":"publish","type":"post","link":"https:\/\/informebajio.com.mx\/?p=10744","title":{"rendered":"La Virgen de La Luz intercede por la salud de Jairo"},"content":{"rendered":"<div id=\"content-body-5851641-10115870\">\n<p>SALVATIERRA, Gto.- (OEM-Informex).- La se\u00f1ora Antonia Sierra platica sobre el milagro por el que intercedi\u00f3 la Virgen de La Luz por la salud de su hijo Jairo que durante cuatro meses estuvo hospitalizado al borde de la muerte y que fue sanado y dado de alta ante todo pron\u00f3stico.<\/p>\n<p>La se\u00f1ora Antonia Sierra inform\u00f3 que su hijo Jairo comenz\u00f3 con algunos problemas de salud graves debido a un fuerte sangrado por lo que tuvo que ser necesario transplantar algunas unidades de sangre.<\/p>\n<p>\u201cPr\u00e1cticamente de manera inmediata mi hijo tuvo que ser hospitalizado y los m\u00e9dicos comenzaron a realizarle estudios para detectar la enfermedad y poderla combatir, sin embargo, luego de siete estudios no lograban tener un diagn\u00f3stico certero, por lo qu\u00e9 me comenc\u00e9 a preocupar por la salud de mi hijo y siempre con F\u00e9 ped\u00eda por \u00e9l a la Virgen de La Luz\u201d, dijo la se\u00f1ora Antonia.<\/p>\n<p>Coment\u00f3 que los m\u00e9dicos aseguraban que la enfermedad de Jairo se trataba de un c\u00e1ncer en el colon por lo que se comenzaron a buscar alternativas m\u00e9dicas para dar inicio con su tratamiento, asegurando que no ser\u00eda sencillo.<\/p>\n<p>\u201cSiempre estuve pidiendo a la madre sant\u00edsima de La Luz que intercediera por la salud de mi hijo y gracias a Dios y a ella luego de realizarle algunos otros estudios el c\u00e1ncer fue descartado, estoy segura que la Virgen siempre estuvo con nosotros y escuch\u00f3 nuestras plegarias\u201d refiri\u00f3 la madre de Jairo.<\/p>\n<p>Mencion\u00f3 que finalmente el diagn\u00f3stico fue un tumor en el intestino por lo que tuvo que ser intervenido quir\u00fargicamente para recortarle 20 cent\u00edmetros y que pudiera continuar con su vida lo m\u00e1s normal posible, siendo dado de alta cuatro meses despu\u00e9s de estar hospitalizado al borde de la muerte.<\/p>\n<p>\u201cQuiero agradecerle a todos los que pidieron por nosotros, as\u00ed como las misas que se hicieron en la Parroquia de La Luz en nombre de mi hijo Jairo que lo alentaron y le dieron fuerzas para enfrentar y combatir su enfermedad, y que hoy puede estar de pie con nosotros en buen estado de salud\u201d finaliz\u00f3.<\/p>\n<h4><a href=\"https:\/\/www.elsoldelbajio.com.mx\/local\/despiden-al-padre-javier-garcia-villafana-con-misa-de-cuerpo-presente-10115653.html\">Despiden al padre Javier Garc\u00eda Villafa\u00f1a con misa de cuerpo presente<\/a><\/h4>\n<\/div>\n<p><script>(function(d, s, id) {\nvar js, fjs = d.getElementsByTagName(s)[0];\nif (d.getElementById(id)) return;\njs = d.createElement(s); js.id = id;\njs.src = 'https:\/\/connect.facebook.net\/es_LA\/sdk.js#xfbml=1&version=v3.2&appId=899106460676237&autoLogAppEvents=1';\nfjs.parentNode.insertBefore(js, fjs);\n}(document, 'script', 'facebook-jssdk'));\n<\/script><\/p>\n","protected":false},"excerpt":{"rendered":"<p>SALVATIERRA, Gto.- (OEM-Informex).- La se\u00f1ora Antonia Sierra platica sobre el milagro por el que intercedi\u00f3 la Virgen de La Luz por la salud de su hijo Jairo que durante cuatro meses estuvo hospitalizado al borde de la muerte y que fue sanado y dado de alta ante todo pron\u00f3stico. La se\u00f1ora Antonia Sierra inform\u00f3 que [&hellip;]<\/p>\n","protected":false},"author":2,"featured_media":10745,"comment_status":"","ping_status":"","sticky":false,"template":"","format":"standard","meta":{"_monsterinsights_skip_tracking":false,"_monsterinsights_sitenote_active":false,"_monsterinsights_sitenote_note":"","_monsterinsights_sitenote_category":0,"footnotes":""},"categories":[8],"tags":[],"class_list":["post-10744","post","type-post","status-publish","format-standard","has-post-thumbnail","hentry","category-guanajuato"],"_links":{"self":[{"href":"https:\/\/informebajio.com.mx\/index.php?rest_route=\/wp\/v2\/posts\/10744","targetHints":{"allow":["GET"]}}],"collection":[{"href":"https:\/\/informebajio.com.mx\/index.php?rest_route=\/wp\/v2\/posts"}],"about":[{"href":"https:\/\/informebajio.com.mx\/index.php?rest_route=\/wp\/v2\/types\/post"}],"author":[{"embeddable":true,"href":"https:\/\/informebajio.com.mx\/index.php?rest_route=\/wp\/v2\/users\/2"}],"replies":[{"embeddable":true,"href":"https:\/\/informebajio.com.mx\/index.php?rest_route=%2Fwp%2Fv2%2Fcomments&post=10744"}],"version-history":[{"count":0,"href":"https:\/\/informebajio.com.mx\/index.php?rest_route=\/wp\/v2\/posts\/10744\/revisions"}],"wp:featuredmedia":[{"embeddable":true,"href":"https:\/\/informebajio.com.mx\/index.php?rest_route=\/wp\/v2\/media\/10745"}],"wp:attachment":[{"href":"https:\/\/informebajio.com.mx\/index.php?rest_route=%2Fwp%2Fv2%2Fmedia&parent=10744"}],"wp:term":[{"taxonomy":"category","embeddable":true,"href":"https:\/\/informebajio.com.mx\/index.php?rest_route=%2Fwp%2Fv2%2Fcategories&post=10744"},{"taxonomy":"post_tag","embeddable":true,"href":"https:\/\/informebajio.com.mx\/index.php?rest_route=%2Fwp%2Fv2%2Ftags&post=10744"}],"curies":[{"name":"wp","href":"https:\/\/api.w.org\/{rel}","templated":true}]}}