{"id":10750,"date":"2023-05-26T11:56:00","date_gmt":"2023-05-26T16:56:00","guid":{"rendered":"https:\/\/informebajio.com.mx\/?p=10750"},"modified":"2023-05-26T11:56:00","modified_gmt":"2023-05-26T16:56:00","slug":"intentan-quemar-vivo-a-funcionario-de-colon","status":"publish","type":"post","link":"https:\/\/informebajio.com.mx\/?p=10750","title":{"rendered":"Intentan quemar vivo a funcionario de Col\u00f3n"},"content":{"rendered":"<div>\n<h2 style=\"text-align: justify; text-justify: inter-ideograph; margin: 12.0pt 0cm 12.0pt 0cm;\"><span style=\"font-size: 14.0pt; font-family: 'Arial',sans-serif; color: black;\">Polic\u00edas llegaron antes que le prendieran fuego, indic\u00f3 el fiscal general<\/span><\/h2>\n<p>Tina Hern\u00e1ndez<\/p>\n<p>Noticias<\/p>\n<p>Por el delito de homicidio calificado en grado de tentativa, la Fiscal\u00eda General del Estado (FGE) inici\u00f3 una carpeta de investigaci\u00f3n contra cuatro hombres, quienes presumiblemente intentaron quemar vivo al jefe de gabinete de Col\u00f3n, Jos\u00e9 \u201cN\u201d, al empaparlo de gasolina y amagar con prenderle fuego.<\/p>\n<p><!-- Composite Start --><\/p>\n<p><!-- Composite End --><\/p>\n<p>El fiscal general del estado, Alejandro Echeverr\u00eda Cornejo, especific\u00f3 que los hechos se llevaron a cabo cerca del mediod\u00eda del mi\u00e9rcoles, no obstante elementos de seguridad p\u00fablica municipal lograron detener la agresi\u00f3n, y salvaguardar la integridad f\u00edsica de la v\u00edctima.<\/p>\n<p>\u201cFue un hecho que aconteci\u00f3 (\u2026) en el municipio de Col\u00f3n, al estar haciendo unas acciones de mejora que est\u00e1 ocupado por algunos comerciantes, se presenta el jefe de gabinete del municipio y los comerciantes se opusieron a ese tipo de labores no por el trabajo, sino por otros temas de inter\u00e9s muy particular.<\/p>\n<p>Hubo un momento en qu\u00e9 los comerciantes se pusieron agresivos y\u00a0 rociaron de gasolina al jefe de gabinete y los dem\u00e1s invitaban a qu\u00e9 le prendieran fuego, afortunadamente hubo una intervenci\u00f3n muy r\u00e1pida y oportuna de la polic\u00eda municipal que logr\u00f3 evitar est\u00e1 desgracia\u201d.<\/p>\n<p>Por los hechos cuatro personas fueron detenidas, y se espera que se presente ante un juez la ma\u00f1ana de este viernes, pues de acuerdo con Alejandro Echeverr\u00eda Cornejo los cuatro hombres fueron detenidos en flagrancia.\u00a0\u00a0<\/p>\n<p><strong>Versi\u00f3n del municipio de Col\u00f3n<\/strong><\/p>\n<p>Con el n\u00famero de folio 839-2023, este mi\u00e9rcoles 24 de mayo se present\u00f3 una denuncia ante la Fiscal\u00eda General del Estado por el delito de Homicidio en grado de tentativa, cometido en contra del Jefe de Gabinete del Municipio de Col\u00f3n.<\/p>\n<p>Los hechos se registraron este mismo mi\u00e9rcoles, poco despu\u00e9s del mediod\u00eda, cuando personal del Municipio de Col\u00f3n, al mando del Jefe de Gabinete, realizaba un operativo de ordenamiento del comercio informal en la Delegaci\u00f3n de Ajuchitl\u00e1n.<\/p>\n<p>Esta acci\u00f3n fue motivada por las denuncias ciudadanas de la comunidad y los comerciantes establecidos, quienes acusaron que un grupo de ambulantes provenientes de otros municipios, lleg\u00f3 a invadir ese lugar, lo que gener\u00f3 preocupaci\u00f3n e incertidumbre entre los colonenses.<\/p>\n<p>Durante el operativo, donde se comenzaron a retirar algunos puestos que ya hab\u00edan enclavado en la zona, unos sujetos comenzaron a amenazar a las autoridades municipales, tanto a polic\u00edas, como inspectores, trabajadores de Servicios P\u00fablicos y al mismo Jefe de Gabinete, con golpearlos y prenderles fuego.<\/p>\n<p>Tres personas del sexo masculino lograron rodear al funcionario municipal y comenzaron a rociarle gasolina, aunque afortunadamente, pudo ser rescatado a tiempo, y salir ileso del lugar, solo con unos golpes en el cuerpo y ardor en ojos, garganta y gran parte del cuerpo debido al contacto con el combustible.<\/p>\n<p>De inmediato se procedi\u00f3 a acudir a Fiscal\u00eda a interponer denuncia, en tanto concertadores del Municipio se quedaron dialogando con los ambulantes, quienes por alrededor de 15 minutos bloquearon la calle principal de Ajuchitlan en ambos sentidos.<\/p>\n<p>Los participantes en el atentado lograron ser detenidos y puestos a disposici\u00f3n de la Fiscal\u00eda, en tanto el funcionario municipal y testigos, siguieron rindiendo informe en Fiscal\u00eda hasta entrada la noche.<\/p>\n<p>El Presidente Municipal de Col\u00f3n, C.P. Manuel Montes Hern\u00e1ndez, reprob\u00f3 los hechos y solicit\u00f3 de manera respetuosa a la Fiscal\u00eda se investiguen los hechos y se llegue hasta sus \u00faltimas consecuencias.<\/p>\n<p>\u201cCol\u00f3n es un Municipio de paz, nadie est\u00e1 por el encima de la Ley. No vamos a permitir la impunidad ni vamos a tolerar que gente de fuera, venga a Col\u00f3n a querer trabajar en la ilegalidad y generando temor entre la poblaci\u00f3n\u201d.<\/p>\n<p>Record\u00f3 que una de las prioridades de su Administraci\u00f3n, es impulsar la econom\u00eda local, promoviendo la regularizaci\u00f3n del comercio, y apoyando en todo momento a quienes buscan de manera honrada ganarse la vida.<\/p>\n<p>\u201cA los comerciantes que quieran regularizarse, les pido que se acerquen a Presidencia, tenemos programas de capacitaci\u00f3n, de apoyo para regularizarse, programas de impulso y promoci\u00f3n al comercio\u201d.<\/p>\n<p>\u201cHago un llamado a los colonenses -prosigui\u00f3 el Alcalde-, para que hagamos un frente com\u00fan; hoy m\u00e1s que nunca debemos trabajar unidos. \u00a1Defendamos a nuestros hijos!, \u00a1Protejamos a nuestras familias!, Tenemos todo para seguir creciendo, Col\u00f3n es una tierra de oportunidades, pero fuera de la ley nada.<\/p>\n<p>El Alcalde exhort\u00f3 a confiar en sus autoridades y a respetarlas, \u201cjuntos debemos salvaguardar la seguridad y el orden en nuestro Municipio\u201d, concluy\u00f3.<\/p>\n<\/div>\n<p><\/p>\n","protected":false},"excerpt":{"rendered":"<p>Polic\u00edas llegaron antes que le prendieran fuego, indic\u00f3 el fiscal general Tina Hern\u00e1ndez Noticias Por el delito de homicidio calificado en grado de tentativa, la Fiscal\u00eda General del Estado (FGE) inici\u00f3 una carpeta de investigaci\u00f3n contra cuatro hombres, quienes presumiblemente intentaron quemar vivo al jefe de gabinete de Col\u00f3n, Jos\u00e9 \u201cN\u201d, al empaparlo de gasolina [&hellip;]<\/p>\n","protected":false},"author":2,"featured_media":10751,"comment_status":"","ping_status":"","sticky":false,"template":"","format":"standard","meta":{"_monsterinsights_skip_tracking":false,"_monsterinsights_sitenote_active":false,"_monsterinsights_sitenote_note":"","_monsterinsights_sitenote_category":0,"footnotes":""},"categories":[4],"tags":[],"class_list":["post-10750","post","type-post","status-publish","format-standard","has-post-thumbnail","hentry","category-queretaro"],"_links":{"self":[{"href":"https:\/\/informebajio.com.mx\/index.php?rest_route=\/wp\/v2\/posts\/10750","targetHints":{"allow":["GET"]}}],"collection":[{"href":"https:\/\/informebajio.com.mx\/index.php?rest_route=\/wp\/v2\/posts"}],"about":[{"href":"https:\/\/informebajio.com.mx\/index.php?rest_route=\/wp\/v2\/types\/post"}],"author":[{"embeddable":true,"href":"https:\/\/informebajio.com.mx\/index.php?rest_route=\/wp\/v2\/users\/2"}],"replies":[{"embeddable":true,"href":"https:\/\/informebajio.com.mx\/index.php?rest_route=%2Fwp%2Fv2%2Fcomments&post=10750"}],"version-history":[{"count":0,"href":"https:\/\/informebajio.com.mx\/index.php?rest_route=\/wp\/v2\/posts\/10750\/revisions"}],"wp:featuredmedia":[{"embeddable":true,"href":"https:\/\/informebajio.com.mx\/index.php?rest_route=\/wp\/v2\/media\/10751"}],"wp:attachment":[{"href":"https:\/\/informebajio.com.mx\/index.php?rest_route=%2Fwp%2Fv2%2Fmedia&parent=10750"}],"wp:term":[{"taxonomy":"category","embeddable":true,"href":"https:\/\/informebajio.com.mx\/index.php?rest_route=%2Fwp%2Fv2%2Fcategories&post=10750"},{"taxonomy":"post_tag","embeddable":true,"href":"https:\/\/informebajio.com.mx\/index.php?rest_route=%2Fwp%2Fv2%2Ftags&post=10750"}],"curies":[{"name":"wp","href":"https:\/\/api.w.org\/{rel}","templated":true}]}}