{"id":10758,"date":"2023-05-26T15:22:44","date_gmt":"2023-05-26T20:22:44","guid":{"rendered":"https:\/\/informebajio.com.mx\/?p=10758"},"modified":"2023-05-26T15:22:44","modified_gmt":"2023-05-26T20:22:44","slug":"vinculan-a-proceso-a-accionista-mayoritario-de-el-pinabete","status":"publish","type":"post","link":"https:\/\/informebajio.com.mx\/?p=10758","title":{"rendered":"Vinculan a proceso a accionista mayoritario de El Pinabete"},"content":{"rendered":"<div id=\"article-content-tts\">\n<div id=\"content_nitf\">\n<p>La Fiscal\u00eda General de la Rep\u00fablica inform\u00f3 que un juez federal con sede en Coahuila vincul\u00f3 a proceso penal a Luis Rafael Garc\u00eda Luna Acu\u00f1a, accionista mayoritario de la mina El Pinabete, al considerarlo probable responsable del delito de explotaci\u00f3n il\u00edcita de un bien que pertenece a la naci\u00f3n.<\/p>\n<p>El Ministerio P\u00fablico Federal se\u00f1al\u00f3 que esta acusaci\u00f3n penal est\u00e1 relacionada con lo ocurrido el 3 de agosto de 2022, cuando diez trabajadores de El Pinabete quedaron atrapados en esta mina que se localiza en la comunidad de la Agujita, en el municipio de Sabina.<\/p>\n<p>El accionista de esta mina fue detenido por elementos de la Polic\u00eda Federal Ministerial durante un cateo en un inmueble que se ubica en el municipio de San Pedro Garza Garc\u00eda, En Nuevo Le\u00f3n.<\/p>\n<p>El juez federal determino que Luna Acu\u00f1a debe permanecer en prisi\u00f3n y orden\u00f3 su encarcelamiento en el Centro Federal de Readaptaci\u00f3n Social no. 18 que se localiza en Ramos Arizpe, Coahuila.<\/p>\n<p>En agosto de 2022 un pozo de carb\u00f3n de la mina El Pinabete colaps\u00f3 y diez mineros quedaron atrapados.<\/p>\n<p>Informaci\u00f3n de la Coordinaci\u00f3n Nacional de Protecci\u00f3n Civil se\u00f1ala que el proceso no controlado de extracci\u00f3n de carb\u00f3n provocaron que se rompieran las paredes y el agua contenida alrededor del pozo inund\u00f3 la zona de trabajo.<\/p>\n<\/div>\n<\/div>\n<p><script>\n      !function(f,b,e,v,n,t,s)\n      {if(f.fbq)return;n=f.fbq=function(){n.callMethod?\n      n.callMethod.apply(n,arguments):n.queue.push(arguments)};\n      if(!f._fbq)f._fbq=n;n.push=n;n.loaded=!0;n.version='2.0';\n      n.queue=[];t=b.createElement(e);t.async=!0;\n      t.src=v;s=b.getElementsByTagName(e)[0];\n      s.parentNode.insertBefore(t,s)}(window, document,'script',\n      'https:\/\/connect.facebook.net\/en_US\/fbevents.js');\n      fbq('init', '133913093805922');\n      fbq('track', 'PageView');\n      fbq('track', 'Contact');\n      fbq('track', 'Donate');\n      fbq('track', 'FindLocation');\n      fbq('track', 'Lead');\n      fbq('track', 'Search');\n      fbq('track', 'Subscribe', {value: '0.00', currency: 'MXN', predicted_ltv: '0.00'});\n      fbq('track', 'ViewContent');\n    <\/script><script type=\"text\/javascript\">(function(d, s, id) {\n\t  var js, fjs = d.getElementsByTagName(s)[0];\n\t  if (d.getElementById(id)) return;\n\t  js = d.createElement(s); js.id = id;\n\t  js.src = \"\/\/connect.facebook.net\/es_LA\/sdk.js#xfbml=1&amp;version=v3.3&amp;appId=774389309362880\";\n\t  fjs.parentNode.insertBefore(js, fjs);\n\t}(document, 'script', 'facebook-jssdk'));<\/script><\/p>\n","protected":false},"excerpt":{"rendered":"<p>La Fiscal\u00eda General de la Rep\u00fablica inform\u00f3 que un juez federal con sede en Coahuila vincul\u00f3 a proceso penal a Luis Rafael Garc\u00eda Luna Acu\u00f1a, accionista mayoritario de la mina El Pinabete, al considerarlo probable responsable del delito de explotaci\u00f3n il\u00edcita de un bien que pertenece a la naci\u00f3n. El Ministerio P\u00fablico Federal se\u00f1al\u00f3 que [&hellip;]<\/p>\n","protected":false},"author":2,"featured_media":10759,"comment_status":"","ping_status":"","sticky":false,"template":"","format":"standard","meta":{"_monsterinsights_skip_tracking":false,"_monsterinsights_sitenote_active":false,"_monsterinsights_sitenote_note":"","_monsterinsights_sitenote_category":0,"footnotes":""},"categories":[9],"tags":[],"class_list":["post-10758","post","type-post","status-publish","format-standard","has-post-thumbnail","hentry","category-deportes"],"_links":{"self":[{"href":"https:\/\/informebajio.com.mx\/index.php?rest_route=\/wp\/v2\/posts\/10758","targetHints":{"allow":["GET"]}}],"collection":[{"href":"https:\/\/informebajio.com.mx\/index.php?rest_route=\/wp\/v2\/posts"}],"about":[{"href":"https:\/\/informebajio.com.mx\/index.php?rest_route=\/wp\/v2\/types\/post"}],"author":[{"embeddable":true,"href":"https:\/\/informebajio.com.mx\/index.php?rest_route=\/wp\/v2\/users\/2"}],"replies":[{"embeddable":true,"href":"https:\/\/informebajio.com.mx\/index.php?rest_route=%2Fwp%2Fv2%2Fcomments&post=10758"}],"version-history":[{"count":0,"href":"https:\/\/informebajio.com.mx\/index.php?rest_route=\/wp\/v2\/posts\/10758\/revisions"}],"wp:featuredmedia":[{"embeddable":true,"href":"https:\/\/informebajio.com.mx\/index.php?rest_route=\/wp\/v2\/media\/10759"}],"wp:attachment":[{"href":"https:\/\/informebajio.com.mx\/index.php?rest_route=%2Fwp%2Fv2%2Fmedia&parent=10758"}],"wp:term":[{"taxonomy":"category","embeddable":true,"href":"https:\/\/informebajio.com.mx\/index.php?rest_route=%2Fwp%2Fv2%2Fcategories&post=10758"},{"taxonomy":"post_tag","embeddable":true,"href":"https:\/\/informebajio.com.mx\/index.php?rest_route=%2Fwp%2Fv2%2Ftags&post=10758"}],"curies":[{"name":"wp","href":"https:\/\/api.w.org\/{rel}","templated":true}]}}