{"id":10764,"date":"2023-05-26T16:32:39","date_gmt":"2023-05-26T21:32:39","guid":{"rendered":"https:\/\/informebajio.com.mx\/?p=10764"},"modified":"2023-05-26T16:32:39","modified_gmt":"2023-05-26T21:32:39","slug":"impulsan-produccion-nopalera-en-san-sebastian-de-las-barrancas","status":"publish","type":"post","link":"https:\/\/informebajio.com.mx\/?p=10764","title":{"rendered":"Impulsan producci\u00f3n nopalera en San Sebasti\u00e1n de las Barrancas"},"content":{"rendered":"<div id=\"content-body-5851641-10124784\">\n<p>El secretario de Desarrollo Agropecuario del estado,<b> Rosendo Anaya Aguilar<\/b>, dio a conocer que la <b>comunidad de San Sebasti\u00e1n de las Barrancas<\/b> del municipio de San Juan del R\u00edo, es el primer punto en donde <b>se est\u00e1 impulsando fuertemente la agricultura alternativa a trav\u00e9s del <a rel=\"Follow noopener\" target=\"_self\" href=\"https:\/\/www.elsoldesanjuandelrio.com.mx\/local\/impartieron-taller-para-el-uso-comercial-del-nopal-8645535.html\">nopal<\/a><\/b>, sitio en donde dijo, que por parte de la dependencia que encabeza, se ofrecer\u00e1 el apoyo necesario para la mejora de los resultados.<\/p>\n<p>En este sentido, dijo que el municipio es uno de los que<b> cuenta con las caracter\u00edsticas para la producci\u00f3n de esta verdura<\/b>, es por ello, que personal de la Secretar\u00eda de Desarrollo Agropecuario (Sedea), realiz\u00f3 un recorrido por dicha comunidad para conocer los procesos y la modalidad que se tiene.<\/p>\n<p><i>\u201cLo que se est\u00e1 buscando es, el que se pueda fortalecer la agricultura alternativa con el tema del nopal, hemos estado d\u00e1ndole seguimiento en diferentes puntos, vamos a ver como lo est\u00e1n produciendo en San Juan del R\u00edo, lo que queremos en un momento dado, ver de qu\u00e9 manera les podemos ayudar, la intenci\u00f3n es ver que est\u00e1n haciendo y que el gobierno del estado est\u00e1 a su disposici\u00f3n, pero ver de que manera podemos ayudar a seguir desarrollando de una mejor manera sus habilidades\u201d.<\/i><\/p>\n<p>Aunque no precis\u00f3 la superficie que por el momento se tiene, el funcionario dijo que <b>se pretende contabilizar en todo el municipio estos peque\u00f1os espacios productores<\/b>, en aras de cuantificar el n\u00famero de hect\u00e1reas y producci\u00f3n obtenida de este tipo de lugares, de ah\u00ed, es como se estar\u00e1n impulsando los apoyos para los productores.<\/p>\n<p><i>\u201cEstamos identificando y contabilizando la superficie, el Servicio de Informaci\u00f3n Agroalimentaria y Pesquera (SIAP), nos marca cifras muy por debajo, por eso estamos identificando apenas el territorio, nosotros queremos llegar a diferentes comunidades por ejemplo, San Sebasti\u00e1n de las Barrancas, como un lugar para producir, y que el nopal se vea como cultivo alternativo, principalmente en zonas temporaleras\u201d.<\/i><\/p>\n<p><b>\u27a1\ufe0f <\/b><a href=\"https:\/\/oem.us16.list-manage.com\/subscribe?u=c04a811ee61dc85305bf7133b&amp;id=f1b85ee5bb\"><b>Suscr\u00edbete a nuestro Newsletter y recibe las notas m\u00e1s relevantes en tu correo<\/b><\/a><b\/><\/p>\n<p>Expres\u00f3 que la ventaja de este tipo de<b> este tipo de verduras es que requiere de la m\u00ednima cantidad de agua<\/b> comparativamente con las dem\u00e1s, es por ello, que dijo que es id\u00f3nea para las zonas de temporal no solo de esta localidad, sino de varias m\u00e1s.<\/p>\n<\/div>\n<p><script>(function(d, s, id) {\nvar js, fjs = d.getElementsByTagName(s)[0];\nif (d.getElementById(id)) return;\njs = d.createElement(s); js.id = id;\njs.src = 'https:\/\/connect.facebook.net\/es_LA\/sdk.js#xfbml=1&version=v3.2&appId=232029482016746&autoLogAppEvents=1';\nfjs.parentNode.insertBefore(js, fjs);\n}(document, 'script', 'facebook-jssdk'));\n<\/script><\/p>\n","protected":false},"excerpt":{"rendered":"<p>El secretario de Desarrollo Agropecuario del estado, Rosendo Anaya Aguilar, dio a conocer que la comunidad de San Sebasti\u00e1n de las Barrancas del municipio de San Juan del R\u00edo, es el primer punto en donde se est\u00e1 impulsando fuertemente la agricultura alternativa a trav\u00e9s del nopal, sitio en donde dijo, que por parte de la [&hellip;]<\/p>\n","protected":false},"author":2,"featured_media":10765,"comment_status":"","ping_status":"","sticky":false,"template":"","format":"standard","meta":{"_monsterinsights_skip_tracking":false,"_monsterinsights_sitenote_active":false,"_monsterinsights_sitenote_note":"","_monsterinsights_sitenote_category":0,"footnotes":""},"categories":[6],"tags":[],"class_list":["post-10764","post","type-post","status-publish","format-standard","has-post-thumbnail","hentry","category-san-juan-del-rio"],"_links":{"self":[{"href":"https:\/\/informebajio.com.mx\/index.php?rest_route=\/wp\/v2\/posts\/10764","targetHints":{"allow":["GET"]}}],"collection":[{"href":"https:\/\/informebajio.com.mx\/index.php?rest_route=\/wp\/v2\/posts"}],"about":[{"href":"https:\/\/informebajio.com.mx\/index.php?rest_route=\/wp\/v2\/types\/post"}],"author":[{"embeddable":true,"href":"https:\/\/informebajio.com.mx\/index.php?rest_route=\/wp\/v2\/users\/2"}],"replies":[{"embeddable":true,"href":"https:\/\/informebajio.com.mx\/index.php?rest_route=%2Fwp%2Fv2%2Fcomments&post=10764"}],"version-history":[{"count":0,"href":"https:\/\/informebajio.com.mx\/index.php?rest_route=\/wp\/v2\/posts\/10764\/revisions"}],"wp:featuredmedia":[{"embeddable":true,"href":"https:\/\/informebajio.com.mx\/index.php?rest_route=\/wp\/v2\/media\/10765"}],"wp:attachment":[{"href":"https:\/\/informebajio.com.mx\/index.php?rest_route=%2Fwp%2Fv2%2Fmedia&parent=10764"}],"wp:term":[{"taxonomy":"category","embeddable":true,"href":"https:\/\/informebajio.com.mx\/index.php?rest_route=%2Fwp%2Fv2%2Fcategories&post=10764"},{"taxonomy":"post_tag","embeddable":true,"href":"https:\/\/informebajio.com.mx\/index.php?rest_route=%2Fwp%2Fv2%2Ftags&post=10764"}],"curies":[{"name":"wp","href":"https:\/\/api.w.org\/{rel}","templated":true}]}}