{"id":10769,"date":"2023-05-26T16:59:07","date_gmt":"2023-05-26T21:59:07","guid":{"rendered":"https:\/\/informebajio.com.mx\/?p=10769"},"modified":"2023-05-26T16:59:07","modified_gmt":"2023-05-26T21:59:07","slug":"enfermeros-exigen-reconocimiento-de-profesionalizacion","status":"publish","type":"post","link":"https:\/\/informebajio.com.mx\/?p=10769","title":{"rendered":"Enfermeros exigen reconocimiento de profesionalizaci\u00f3n"},"content":{"rendered":"<div>\n<p style=\"text-align: justify; text-justify: inter-ideograph; margin: 12.0pt 0cm 12.0pt 0cm;\"><span style=\"font-size: 14.0pt; font-family: 'Arial',sans-serif; color: black;\">Tina Hern\u00e1ndez<\/span><\/p>\n<p style=\"text-align: justify; text-justify: inter-ideograph; margin: 12.0pt 0cm 12.0pt 0cm;\"><span style=\"font-size: 14.0pt; font-family: 'Arial',sans-serif; color: black;\">Noticias<\/span><\/p>\n<p style=\"text-align: justify; text-justify: inter-ideograph; margin: 12.0pt 0cm 12.0pt 0cm;\"><span style=\"font-size: 14.0pt; font-family: 'Arial',sans-serif; color: black;\">Para exigir que en el Instituto Mexicano del Seguro Social (IMSS) reconozca la profesionalizaci\u00f3n y niveles acad\u00e9micos de los empleados de enfermer\u00eda, dichos profesionales de la salud salieron a las calles para manifestarse.<\/span><\/p>\n<p><!-- Composite Start --><\/p>\n<p><!-- Composite End --><\/p>\n<p style=\"text-align: justify; text-justify: inter-ideograph; margin: 12.0pt 0cm 12.0pt 0cm;\"><span style=\"font-size: 14.0pt; font-family: 'Arial',sans-serif; color: black;\">De acuerdo con los quejosos, el IMSS no reconoce los grados acad\u00e9micos de Licenciatura, Maestr\u00eda o Doctorado en Enfermer\u00eda, sino que s\u00f3lo establece el nivel t\u00e9cnico, situaci\u00f3n que afecta el sueldo que reciben de manera directa.<\/span><\/p>\n<p style=\"text-align: justify; text-justify: inter-ideograph; margin: 12.0pt 0cm 12.0pt 0cm;\"><span style=\"font-size: 14.0pt; font-family: 'Arial',sans-serif; color: black;\">Cerca de las 14:00 horas, un grupo de 30 enfermeras y enfermeros se congregaron en las inmediaciones del Hospital General Regional (HGR) No.1 de Quer\u00e9taro, que se encuentra en la esquina que conforma avenida 05 de Febrero y avenida Zaragoza.<\/span><\/p>\n<p style=\"text-align: justify; text-justify: inter-ideograph; margin: 12.0pt 0cm 12.0pt 0cm;\"><span style=\"font-size: 14.0pt; font-family: 'Arial',sans-serif; color: black;\">Para con cartulinas en mano y con el uniforme que los caracteriza avanzar por avenida Zaragoza hasta plaza de Armas, y aunque la circulaci\u00f3n no se cerr\u00f3, pues solo ocuparon un carril, se gener\u00f3 caos vial en la zona.<\/span><\/p>\n<p style=\"text-align: justify; text-justify: inter-ideograph; margin: 12.0pt 0cm 12.0pt 0cm;\"><span style=\"font-size: 14.0pt; font-family: 'Arial',sans-serif; color: black;\">\u201cHoy los sueldos tienen un nivel t\u00e9cnico, y la realidad es que hay enfermeros con grado de Doctorado pero no se reconocen.<\/span><\/p>\n<p style=\"text-align: justify; text-justify: inter-ideograph; margin: 12.0pt 0cm 12.0pt 0cm;\"><span style=\"font-size: 14.0pt; font-family: 'Arial',sans-serif; color: black;\">Pedimos congruencia, hace unos meses \u00e9ramos h\u00e9roes con lo de la pandemia, pero no se nos reconoce nuestra dedicaci\u00f3n y profesionalizaci\u00f3n\u201d, expres\u00f3 uno de los manifestantes. .<\/span><\/p>\n<\/div>\n<p><\/p>\n","protected":false},"excerpt":{"rendered":"<p>Tina Hern\u00e1ndez Noticias Para exigir que en el Instituto Mexicano del Seguro Social (IMSS) reconozca la profesionalizaci\u00f3n y niveles acad\u00e9micos de los empleados de enfermer\u00eda, dichos profesionales de la salud salieron a las calles para manifestarse. De acuerdo con los quejosos, el IMSS no reconoce los grados acad\u00e9micos de Licenciatura, Maestr\u00eda o Doctorado en Enfermer\u00eda, [&hellip;]<\/p>\n","protected":false},"author":2,"featured_media":10770,"comment_status":"","ping_status":"","sticky":false,"template":"","format":"standard","meta":{"_monsterinsights_skip_tracking":false,"_monsterinsights_sitenote_active":false,"_monsterinsights_sitenote_note":"","_monsterinsights_sitenote_category":0,"footnotes":""},"categories":[4],"tags":[],"class_list":["post-10769","post","type-post","status-publish","format-standard","has-post-thumbnail","hentry","category-queretaro"],"_links":{"self":[{"href":"https:\/\/informebajio.com.mx\/index.php?rest_route=\/wp\/v2\/posts\/10769","targetHints":{"allow":["GET"]}}],"collection":[{"href":"https:\/\/informebajio.com.mx\/index.php?rest_route=\/wp\/v2\/posts"}],"about":[{"href":"https:\/\/informebajio.com.mx\/index.php?rest_route=\/wp\/v2\/types\/post"}],"author":[{"embeddable":true,"href":"https:\/\/informebajio.com.mx\/index.php?rest_route=\/wp\/v2\/users\/2"}],"replies":[{"embeddable":true,"href":"https:\/\/informebajio.com.mx\/index.php?rest_route=%2Fwp%2Fv2%2Fcomments&post=10769"}],"version-history":[{"count":0,"href":"https:\/\/informebajio.com.mx\/index.php?rest_route=\/wp\/v2\/posts\/10769\/revisions"}],"wp:featuredmedia":[{"embeddable":true,"href":"https:\/\/informebajio.com.mx\/index.php?rest_route=\/wp\/v2\/media\/10770"}],"wp:attachment":[{"href":"https:\/\/informebajio.com.mx\/index.php?rest_route=%2Fwp%2Fv2%2Fmedia&parent=10769"}],"wp:term":[{"taxonomy":"category","embeddable":true,"href":"https:\/\/informebajio.com.mx\/index.php?rest_route=%2Fwp%2Fv2%2Fcategories&post=10769"},{"taxonomy":"post_tag","embeddable":true,"href":"https:\/\/informebajio.com.mx\/index.php?rest_route=%2Fwp%2Fv2%2Ftags&post=10769"}],"curies":[{"name":"wp","href":"https:\/\/api.w.org\/{rel}","templated":true}]}}