{"id":10787,"date":"2023-05-26T20:46:20","date_gmt":"2023-05-27T01:46:20","guid":{"rendered":"https:\/\/informebajio.com.mx\/?p=10787"},"modified":"2023-05-26T20:46:20","modified_gmt":"2023-05-27T01:46:20","slug":"anuncian-festival-de-la-larga-y-la-quesadilla-en-salvatierra","status":"publish","type":"post","link":"https:\/\/informebajio.com.mx\/?p=10787","title":{"rendered":"Anuncian festival de la Larga y la Quesadilla en Salvatierra"},"content":{"rendered":"<div id=\"content-body-5851641-10121205\">\n<p><b>SALVATIERRA, Gto.-<\/b> El presidente municipal <b>Germ\u00e1n Cervantes Vega,<\/b> confirm\u00f3 las fechas en las que se llevar\u00e1 a cabo la <b>quinta edici\u00f3n del festival de la Larga y la Quesadilla<\/b> en el municipio de <b>Salvatierra,<\/b> el cual es uno de los mayores eventos tur\u00edsticos para el \u00e1rea gastron\u00f3mica y el <b>10 y 11<\/b> <b>de junio recibir\u00e1 a miles de visitantes.<\/b><\/p>\n<p><b><a href=\"http:\/\/oem.pressreader.com\/el-sol-de-bajio\" target=\"_self\" rel=\"Follow noopener\">\u27a1\ufe0fSuscr\u00edbete a nuestra edici\u00f3n digital<\/a><\/b><\/p>\n<p>Cabe mencionar que esta ser\u00e1 la <b>quinta edici\u00f3n del evento gastron\u00f3mico<\/b> donde se tiene la oportunidad de mostrar la saz\u00f3n de las diferentes <b>cocineras tradicionales<\/b> que ofrecen sus productos en el jard\u00edn principal.<\/p>\n<p>De igual manera el alcalde refiri\u00f3 que una semana antes de realizarse el magno evento se llevar\u00e1 a cabo el <b>rally de cocineras tradicionales<\/b> para designar a una cocinera ganadora para llevarse el t\u00edtulo de la mujer con mejor saz\u00f3n, aunque no agreg\u00f3 detalles del lugar en donde se realizar\u00eda.<\/p>\n<p>Cabe recordar que en la edici\u00f3n pasada se logr\u00f3 obtener una <b>derrama econ\u00f3mica de aproximadamente un mill\u00f3n y medio de pesos<\/b> con la participaci\u00f3n de <b>30 cocineras<\/b> que preparan sus platillos para m\u00e1s de <b>cinco mil visitantes no s\u00f3lo de Guanajuato sino de algunos otros pa\u00edses<\/b><\/p>\n<\/div>\n<p><script>(function(d, s, id) {\nvar js, fjs = d.getElementsByTagName(s)[0];\nif (d.getElementById(id)) return;\njs = d.createElement(s); js.id = id;\njs.src = 'https:\/\/connect.facebook.net\/es_LA\/sdk.js#xfbml=1&version=v3.2&appId=899106460676237&autoLogAppEvents=1';\nfjs.parentNode.insertBefore(js, fjs);\n}(document, 'script', 'facebook-jssdk'));\n<\/script><\/p>\n","protected":false},"excerpt":{"rendered":"<p>SALVATIERRA, Gto.- El presidente municipal Germ\u00e1n Cervantes Vega, confirm\u00f3 las fechas en las que se llevar\u00e1 a cabo la quinta edici\u00f3n del festival de la Larga y la Quesadilla en el municipio de Salvatierra, el cual es uno de los mayores eventos tur\u00edsticos para el \u00e1rea gastron\u00f3mica y el 10 y 11 de junio recibir\u00e1 [&hellip;]<\/p>\n","protected":false},"author":2,"featured_media":10788,"comment_status":"","ping_status":"","sticky":false,"template":"","format":"standard","meta":{"_monsterinsights_skip_tracking":false,"_monsterinsights_sitenote_active":false,"_monsterinsights_sitenote_note":"","_monsterinsights_sitenote_category":0,"footnotes":""},"categories":[8],"tags":[],"class_list":["post-10787","post","type-post","status-publish","format-standard","has-post-thumbnail","hentry","category-guanajuato"],"_links":{"self":[{"href":"https:\/\/informebajio.com.mx\/index.php?rest_route=\/wp\/v2\/posts\/10787","targetHints":{"allow":["GET"]}}],"collection":[{"href":"https:\/\/informebajio.com.mx\/index.php?rest_route=\/wp\/v2\/posts"}],"about":[{"href":"https:\/\/informebajio.com.mx\/index.php?rest_route=\/wp\/v2\/types\/post"}],"author":[{"embeddable":true,"href":"https:\/\/informebajio.com.mx\/index.php?rest_route=\/wp\/v2\/users\/2"}],"replies":[{"embeddable":true,"href":"https:\/\/informebajio.com.mx\/index.php?rest_route=%2Fwp%2Fv2%2Fcomments&post=10787"}],"version-history":[{"count":0,"href":"https:\/\/informebajio.com.mx\/index.php?rest_route=\/wp\/v2\/posts\/10787\/revisions"}],"wp:featuredmedia":[{"embeddable":true,"href":"https:\/\/informebajio.com.mx\/index.php?rest_route=\/wp\/v2\/media\/10788"}],"wp:attachment":[{"href":"https:\/\/informebajio.com.mx\/index.php?rest_route=%2Fwp%2Fv2%2Fmedia&parent=10787"}],"wp:term":[{"taxonomy":"category","embeddable":true,"href":"https:\/\/informebajio.com.mx\/index.php?rest_route=%2Fwp%2Fv2%2Fcategories&post=10787"},{"taxonomy":"post_tag","embeddable":true,"href":"https:\/\/informebajio.com.mx\/index.php?rest_route=%2Fwp%2Fv2%2Ftags&post=10787"}],"curies":[{"name":"wp","href":"https:\/\/api.w.org\/{rel}","templated":true}]}}