{"id":10795,"date":"2023-05-26T22:01:01","date_gmt":"2023-05-27T03:01:01","guid":{"rendered":"https:\/\/informebajio.com.mx\/?p=10795"},"modified":"2023-05-26T22:01:01","modified_gmt":"2023-05-27T03:01:01","slug":"formalizan-upq-alianza-con-la-escuela-superior-de-tecnologia-de-montreal","status":"publish","type":"post","link":"https:\/\/informebajio.com.mx\/?p=10795","title":{"rendered":"Formalizan UPQ alianza con la Escuela Superior de Tecnolog\u00eda de Montreal"},"content":{"rendered":"<div>\n<p>Noticias<\/p>\n<p>Con la finalidad de integrar esfuerzos que fortalezcan el desarrollo estudiantil y promuevan la investigaci\u00f3n a nivel internacional, autoridades de la Universidad Polit\u00e9cnica de Quer\u00e9taro (UPQ) y de la Escuela Superior de Tecnolog\u00eda (\u00c9TS, por sus siglas en franc\u00e9s) de Montreal firmaron un convenio de colaboraci\u00f3n.<\/p>\n<p>\u201cCon la entrada en vigor de esta cooperaci\u00f3n, abrimos camino para que nuestras comunidades estudiantiles enriquezcan sus perfiles al experimentar la educaci\u00f3n desde otra cultura y forma de trabajo\u201d, destac\u00f3 el secretario administrativo de la UPQ, Guillermo Llamas, en representaci\u00f3n del rector Carlos Contreras.<\/p>\n<p><!-- Composite Start --><\/p>\n<p><!-- Composite End --><\/p>\n<p>El acuerdo, adem\u00e1s de establecer la movilidad estudiantil y docente entre ambas instituciones, contempla colaboraciones acad\u00e9micas y cient\u00edficas, participaci\u00f3n en redes o proyectos internacionales, as\u00ed como la organizaci\u00f3n de seminarios o conferencias, explorar la posibilidad de desarrollar t\u00edtulos dobles y supervisar tesis a nivel de maestr\u00eda o doctorado.<\/p>\n<p>\u201cA trav\u00e9s de esta alianza se propicia un mayor alcance para que cada Instituci\u00f3n concrete sus metas educativas. Queremos ampliar la perspectiva del alumnado canadiense sobre la internacionalizaci\u00f3n y ofrecer un abanico de oportunidades a los investigadores con el que tengan un impacto en la sociedad\u201d, puntualiz\u00f3 la directora de la oficina de Relaciones Internacionales de la \u00c9TS, Fr\u00e9da Th\u00e9lusma.<\/p>\n<\/div>\n<p><\/p>\n","protected":false},"excerpt":{"rendered":"<p>Noticias Con la finalidad de integrar esfuerzos que fortalezcan el desarrollo estudiantil y promuevan la investigaci\u00f3n a nivel internacional, autoridades de la Universidad Polit\u00e9cnica de Quer\u00e9taro (UPQ) y de la Escuela Superior de Tecnolog\u00eda (\u00c9TS, por sus siglas en franc\u00e9s) de Montreal firmaron un convenio de colaboraci\u00f3n. \u201cCon la entrada en vigor de esta cooperaci\u00f3n, [&hellip;]<\/p>\n","protected":false},"author":2,"featured_media":10796,"comment_status":"","ping_status":"","sticky":false,"template":"","format":"standard","meta":{"_monsterinsights_skip_tracking":false,"_monsterinsights_sitenote_active":false,"_monsterinsights_sitenote_note":"","_monsterinsights_sitenote_category":0,"footnotes":""},"categories":[4],"tags":[],"class_list":["post-10795","post","type-post","status-publish","format-standard","has-post-thumbnail","hentry","category-queretaro"],"_links":{"self":[{"href":"https:\/\/informebajio.com.mx\/index.php?rest_route=\/wp\/v2\/posts\/10795","targetHints":{"allow":["GET"]}}],"collection":[{"href":"https:\/\/informebajio.com.mx\/index.php?rest_route=\/wp\/v2\/posts"}],"about":[{"href":"https:\/\/informebajio.com.mx\/index.php?rest_route=\/wp\/v2\/types\/post"}],"author":[{"embeddable":true,"href":"https:\/\/informebajio.com.mx\/index.php?rest_route=\/wp\/v2\/users\/2"}],"replies":[{"embeddable":true,"href":"https:\/\/informebajio.com.mx\/index.php?rest_route=%2Fwp%2Fv2%2Fcomments&post=10795"}],"version-history":[{"count":0,"href":"https:\/\/informebajio.com.mx\/index.php?rest_route=\/wp\/v2\/posts\/10795\/revisions"}],"wp:featuredmedia":[{"embeddable":true,"href":"https:\/\/informebajio.com.mx\/index.php?rest_route=\/wp\/v2\/media\/10796"}],"wp:attachment":[{"href":"https:\/\/informebajio.com.mx\/index.php?rest_route=%2Fwp%2Fv2%2Fmedia&parent=10795"}],"wp:term":[{"taxonomy":"category","embeddable":true,"href":"https:\/\/informebajio.com.mx\/index.php?rest_route=%2Fwp%2Fv2%2Fcategories&post=10795"},{"taxonomy":"post_tag","embeddable":true,"href":"https:\/\/informebajio.com.mx\/index.php?rest_route=%2Fwp%2Fv2%2Ftags&post=10795"}],"curies":[{"name":"wp","href":"https:\/\/api.w.org\/{rel}","templated":true}]}}