{"id":10797,"date":"2023-05-26T22:34:07","date_gmt":"2023-05-27T03:34:07","guid":{"rendered":"https:\/\/informebajio.com.mx\/?p=10797"},"modified":"2023-05-26T22:34:07","modified_gmt":"2023-05-27T03:34:07","slug":"resaltan-aportacion-de-alumnos-indigenas-en-la-academia","status":"publish","type":"post","link":"https:\/\/informebajio.com.mx\/?p=10797","title":{"rendered":"Resaltan aportaci\u00f3n de alumnos ind\u00edgenas en la academia"},"content":{"rendered":"<div id=\"content-body-5851641-10112963\">\n<p>En el marco del <b>D\u00eda del Estudiante<\/b>, la <b>Coordinaci\u00f3n de Derecho Ind\u00edgena<\/b> (Codi) de la Direcci\u00f3n de Atenci\u00f3n a la Comunidad Universitaria (DACU) de la <b>Universidad Aut\u00f3noma de Quer\u00e9taro<\/b> (UAQ) se llev\u00f3 a cabo el segundo <b>Encuentro de Estudiantes <a href=\"https:\/\/www.diariodequeretaro.com.mx\/local\/crean-instituto-para-atencion-a-pueblos-indigenas-9384905.html\" target=\"_self\" rel=\"Follow noopener\">Ind\u00edgenas.<\/a><\/b><\/p>\n<p>El Encuentro, que representa una oportunidad \u00fanica para <b>celebrar y promover la diversidad cultural y ling\u00fc\u00edstica<\/b> en la comunidad universitaria, incluye la realizaci\u00f3n de mesas de reflexi\u00f3n donde se comparten experiencias, saberes y vivencias en torno a las lenguas ind\u00edgenas presentes en la regi\u00f3n; espacios de di\u00e1logo y aprendizaje que contribuyen a<b> preservar y valorar la riqueza ling\u00fc\u00edstica de los estudiantes.<\/b><\/p>\n<p>Durante la inauguraci\u00f3n del evento, la rectora de la UAQ,<b> Teresa Garc\u00eda Gasca,<\/b> destac\u00f3 que este se define por la suma de voluntades para que los estudiantes compartan experiencias en torno a <b>asumir identidades ind\u00edgenas<\/b>; asimismo, subray\u00f3 la importancia de reformar la normativa universitaria vigente con el fin de que haya mayor flexibilidad en los procesos de ingreso, particularmente para quienes pertenecen a dicho sector.<\/p>\n<p><i> \u201cA trav\u00e9s de la actualizaci\u00f3n de la normativa universitaria, estamos trabajando para mejorar los mecanismos de ingreso; la \u00fanica forma de llegar a buen t\u00e9rmino es que sean ustedes, la comunidad ind\u00edgena, quienes nos digan qu\u00e9 es lo que se necesita, qu\u00e9 han vivido, qu\u00e9 problemas han tenido y qu\u00e9 propuestas se tienen para mejorar\u201d<\/i>, mencion\u00f3 la Rectora.<\/p>\n<p>Por su parte, el titular de la Codi, <b>Sergio Uriel Ugalde Vega<\/b>, puntualiz\u00f3 que el principal prop\u00f3sito del Encuentro es<b> reafirmar y garantizar los derechos de las y los estudiantes ind\u00edgena<\/b>s, as\u00ed como reconocer la amplia diversidad que existe entre sus lenguas, cosmovisiones, lugares de origen y vivencias.<\/p>\n<p><i> \u201cEn un principio, el sue\u00f1o fue poder apoyar a las y los estudiantes que, sab\u00edamos, ten\u00edan necesidades urgentes. El objetivo de este Encuentro es que nos podamos ver, porque solamente a partir de la convivencia y la experiencia se generan lazos espec\u00edficos con las personas\u201d,<\/i> refiri\u00f3 el Coordinador.<\/p>\n<p>La titular de DACU, <b>Ver\u00f3nica N\u00fa\u00f1ez Perusqu\u00eda,<\/b> coincidi\u00f3 en que el prop\u00f3sito de la actividad radica en <b>generar v\u00ednculos con las y los universitarios ind\u00edgenas<\/b>, los cuales permitir\u00e1n reconocer su identidad, valorar sus herencias y volver a\u00fan m\u00e1s positiva su permanencia en la UAQ.<\/p>\n<p><b>\u27a1\ufe0f <\/b><a href=\"https:\/\/oem.us16.list-manage.com\/subscribe?u=c04a811ee61dc85305bf7133b&amp;id=f1b85ee5bb\"><b>Suscr\u00edbete a nuestro Newsletter y recibe las notas m\u00e1s relevantes en tu correo<\/b><\/a><b\/><\/p>\n<p><i> \u201cQue nos ayuden a encontrar formas de poderles apoyar en su estancia en la Universidad para que esta sea grata, significativa y que nada les falte. Es un trabajo en equipo que se lleva a cabo a trav\u00e9s del intercambio de ideas y propuestas. Nuestra Universidad tiene su riqueza en su gente y son ustedes esa gente\u201d<\/i>, se\u00f1al\u00f3 la Directora.<\/p>\n<\/div>\n<p><script>(function(d, s, id) {\nvar js, fjs = d.getElementsByTagName(s)[0];\nif (d.getElementById(id)) return;\njs = d.createElement(s); js.id = id;\njs.src = 'https:\/\/connect.facebook.net\/es_LA\/sdk.js#xfbml=1&version=v3.2&appId=232029482016746&autoLogAppEvents=1';\nfjs.parentNode.insertBefore(js, fjs);\n}(document, 'script', 'facebook-jssdk'));\n<\/script><\/p>\n","protected":false},"excerpt":{"rendered":"<p>En el marco del D\u00eda del Estudiante, la Coordinaci\u00f3n de Derecho Ind\u00edgena (Codi) de la Direcci\u00f3n de Atenci\u00f3n a la Comunidad Universitaria (DACU) de la Universidad Aut\u00f3noma de Quer\u00e9taro (UAQ) se llev\u00f3 a cabo el segundo Encuentro de Estudiantes Ind\u00edgenas. El Encuentro, que representa una oportunidad \u00fanica para celebrar y promover la diversidad cultural y [&hellip;]<\/p>\n","protected":false},"author":2,"featured_media":10798,"comment_status":"","ping_status":"","sticky":false,"template":"","format":"standard","meta":{"_monsterinsights_skip_tracking":false,"_monsterinsights_sitenote_active":false,"_monsterinsights_sitenote_note":"","_monsterinsights_sitenote_category":0,"footnotes":""},"categories":[6],"tags":[],"class_list":["post-10797","post","type-post","status-publish","format-standard","has-post-thumbnail","hentry","category-san-juan-del-rio"],"_links":{"self":[{"href":"https:\/\/informebajio.com.mx\/index.php?rest_route=\/wp\/v2\/posts\/10797","targetHints":{"allow":["GET"]}}],"collection":[{"href":"https:\/\/informebajio.com.mx\/index.php?rest_route=\/wp\/v2\/posts"}],"about":[{"href":"https:\/\/informebajio.com.mx\/index.php?rest_route=\/wp\/v2\/types\/post"}],"author":[{"embeddable":true,"href":"https:\/\/informebajio.com.mx\/index.php?rest_route=\/wp\/v2\/users\/2"}],"replies":[{"embeddable":true,"href":"https:\/\/informebajio.com.mx\/index.php?rest_route=%2Fwp%2Fv2%2Fcomments&post=10797"}],"version-history":[{"count":0,"href":"https:\/\/informebajio.com.mx\/index.php?rest_route=\/wp\/v2\/posts\/10797\/revisions"}],"wp:featuredmedia":[{"embeddable":true,"href":"https:\/\/informebajio.com.mx\/index.php?rest_route=\/wp\/v2\/media\/10798"}],"wp:attachment":[{"href":"https:\/\/informebajio.com.mx\/index.php?rest_route=%2Fwp%2Fv2%2Fmedia&parent=10797"}],"wp:term":[{"taxonomy":"category","embeddable":true,"href":"https:\/\/informebajio.com.mx\/index.php?rest_route=%2Fwp%2Fv2%2Fcategories&post=10797"},{"taxonomy":"post_tag","embeddable":true,"href":"https:\/\/informebajio.com.mx\/index.php?rest_route=%2Fwp%2Fv2%2Ftags&post=10797"}],"curies":[{"name":"wp","href":"https:\/\/api.w.org\/{rel}","templated":true}]}}