{"id":10799,"date":"2023-05-26T23:39:56","date_gmt":"2023-05-27T04:39:56","guid":{"rendered":"https:\/\/informebajio.com.mx\/?p=10799"},"modified":"2023-05-26T23:39:56","modified_gmt":"2023-05-27T04:39:56","slug":"celebran-el-84-aniversario-de-la-coronacion-de-la-virgen-de-la-luz-en-salvatierra","status":"publish","type":"post","link":"https:\/\/informebajio.com.mx\/?p=10799","title":{"rendered":"Celebran el 84 aniversario de la coronaci\u00f3n de la Virgen de La Luz en Salvatierra"},"content":{"rendered":"<div id=\"content-body-5851641-10115765\">\n<p><b>SALVATIERRA, Gto.-<\/b> El se\u00f1or <b>Obispo don<\/b> <b>Enrique D\u00edaz D\u00edaz<\/b> se encarg\u00f3 de presidir la solemne celebraci\u00f3n eucar\u00edstica por <b>el 84 aniversario de la coronaci\u00f3n Pontificia de \u201cnuestra madre sant\u00edsima de La Luz\u201d,<\/b> donde participaron m\u00e1s de <b>doce sacerdotes y miles de fieles cat\u00f3licos.<\/b> En el serm\u00f3n el Obispo record\u00f3 que la <b>virgen Mar\u00eda<\/b> fue la primera en tener fe, la primera que creer y tener fe.<\/p>\n<p><b><a href=\"http:\/\/oem.pressreader.com\/el-sol-de-bajio\" target=\"_self\" rel=\"Follow noopener\">\u27a1\ufe0fSuscr\u00edbete a nuestra edici\u00f3n digital<\/a><\/b><\/p>\n<p>Con motivo del <b>84 aniversario de la coronaci\u00f3n Pontificia de nuestra madre sant\u00edsima de La Luz en Salvatierra<\/b> desde temprana hora se comenz\u00f3 con el festejo entonando las tradicionales ma\u00f1anitas a las 05:00 horas. Posteriormente a las 07:00 horas el <b>mariachi Reforma<\/b> ameniz\u00f3 la celebraci\u00f3n solemne en donde estuvieron presentes decenas de fieles devotos, as\u00ed como <b>peregrinos<\/b> que fueron recibidos con la imagen santa.<\/p>\n<p>Cabe destacar que el se\u00f1or <b>Obispo Em\u00e9rito don Carlos Su\u00e1rez C\u00e1zeres<\/b> en punto de las 13:00 horas celebr\u00f3 una solemne concelebraci\u00f3n eucar\u00edstica en el <b>Santuario Diocesano<\/b> por el eterno descanso del excelent\u00edsimo se\u00f1or cardenal <b>Don Juan Jes\u00fas Posadas Ocampo<\/b> y por los sacerdotes y laicos difuntos que hicieron posible la coronaci\u00f3n de la bendita imagen en el a\u00f1o de <b>1939.<\/b><\/p>\n<p>En la celebraci\u00f3n solemne y concelebrada por m\u00e1s de <b>12 sacerdotes del clero local,<\/b> participaron tambi\u00e9n cientos de personas, entre ellos el presidente municipal <b>Germ\u00e1n Cervantes.<\/b><\/p>\n<p>En el serm\u00f3n, el se\u00f1or <b>Obispo Em\u00e9rito don Carlos Su\u00e1rez C\u00e1zeres<\/b> asegur\u00f3 que la virgen Mar\u00eda es el modelo de la fe, que fue la primera en creer sin ver, y la primera en acompa\u00f1ar a <b>Jes\u00fas<\/b> hasta la muerte y tener fe en su <b>resurrecci\u00f3n,<\/b> sin dudar en su fe. Dijo que hay que tomar el ejemplo de la virgen y tener fe.<\/p>\n<\/div>\n<p><script>(function(d, s, id) {\nvar js, fjs = d.getElementsByTagName(s)[0];\nif (d.getElementById(id)) return;\njs = d.createElement(s); js.id = id;\njs.src = 'https:\/\/connect.facebook.net\/es_LA\/sdk.js#xfbml=1&version=v3.2&appId=899106460676237&autoLogAppEvents=1';\nfjs.parentNode.insertBefore(js, fjs);\n}(document, 'script', 'facebook-jssdk'));\n<\/script><\/p>\n","protected":false},"excerpt":{"rendered":"<p>SALVATIERRA, Gto.- El se\u00f1or Obispo don Enrique D\u00edaz D\u00edaz se encarg\u00f3 de presidir la solemne celebraci\u00f3n eucar\u00edstica por el 84 aniversario de la coronaci\u00f3n Pontificia de \u201cnuestra madre sant\u00edsima de La Luz\u201d, donde participaron m\u00e1s de doce sacerdotes y miles de fieles cat\u00f3licos. En el serm\u00f3n el Obispo record\u00f3 que la virgen Mar\u00eda fue la [&hellip;]<\/p>\n","protected":false},"author":2,"featured_media":10800,"comment_status":"","ping_status":"","sticky":false,"template":"","format":"standard","meta":{"_monsterinsights_skip_tracking":false,"_monsterinsights_sitenote_active":false,"_monsterinsights_sitenote_note":"","_monsterinsights_sitenote_category":0,"footnotes":""},"categories":[8],"tags":[],"class_list":["post-10799","post","type-post","status-publish","format-standard","has-post-thumbnail","hentry","category-guanajuato"],"_links":{"self":[{"href":"https:\/\/informebajio.com.mx\/index.php?rest_route=\/wp\/v2\/posts\/10799","targetHints":{"allow":["GET"]}}],"collection":[{"href":"https:\/\/informebajio.com.mx\/index.php?rest_route=\/wp\/v2\/posts"}],"about":[{"href":"https:\/\/informebajio.com.mx\/index.php?rest_route=\/wp\/v2\/types\/post"}],"author":[{"embeddable":true,"href":"https:\/\/informebajio.com.mx\/index.php?rest_route=\/wp\/v2\/users\/2"}],"replies":[{"embeddable":true,"href":"https:\/\/informebajio.com.mx\/index.php?rest_route=%2Fwp%2Fv2%2Fcomments&post=10799"}],"version-history":[{"count":0,"href":"https:\/\/informebajio.com.mx\/index.php?rest_route=\/wp\/v2\/posts\/10799\/revisions"}],"wp:featuredmedia":[{"embeddable":true,"href":"https:\/\/informebajio.com.mx\/index.php?rest_route=\/wp\/v2\/media\/10800"}],"wp:attachment":[{"href":"https:\/\/informebajio.com.mx\/index.php?rest_route=%2Fwp%2Fv2%2Fmedia&parent=10799"}],"wp:term":[{"taxonomy":"category","embeddable":true,"href":"https:\/\/informebajio.com.mx\/index.php?rest_route=%2Fwp%2Fv2%2Fcategories&post=10799"},{"taxonomy":"post_tag","embeddable":true,"href":"https:\/\/informebajio.com.mx\/index.php?rest_route=%2Fwp%2Fv2%2Ftags&post=10799"}],"curies":[{"name":"wp","href":"https:\/\/api.w.org\/{rel}","templated":true}]}}