{"id":10805,"date":"2023-05-27T01:34:26","date_gmt":"2023-05-27T06:34:26","guid":{"rendered":"https:\/\/informebajio.com.mx\/?p=10805"},"modified":"2023-05-27T01:34:26","modified_gmt":"2023-05-27T06:34:26","slug":"alemania-la-mayor-economia-de-europa-entro-en-recesion","status":"publish","type":"post","link":"https:\/\/informebajio.com.mx\/?p=10805","title":{"rendered":"Alemania, la mayor econom\u00eda de Europa, entr\u00f3 en recesi\u00f3n"},"content":{"rendered":"<div id=\"content_nitf\">\n<p>Berl\u00edn. Alemania entr\u00f3 en recesi\u00f3n t\u00e9cnica en el primer trimestre de 2023, tras una segunda contracci\u00f3n consecutiva de su producto interno bruto (PIB), en un contexto de ca\u00edda de la producci\u00f3n industrial, inflaci\u00f3n y elevados tipos de inter\u00e9s.<\/p>\n<p>El PIB de la mayor econom\u00eda europea cay\u00f3 0.3 por ciento en el periodo enero-marzo respecto a los tres meses anteriores, despu\u00e9s de haberse contra\u00eddo 0.5 por ciento entre octubre y diciembre seg\u00fan datos corregidos por estacionalidad y difundidos este jueves por el instituto de estad\u00edsticas Destatis.<\/p>\n<p>En t\u00e9rminos anuales, el indicador se contrajo 0.5 por ciento en los tres primeros meses de este a\u00f1o. De esta forma, Alemania entr\u00f3 en recesi\u00f3n t\u00e9cnica, que se define como una ca\u00edda de la actividad durante dos trimestres consecutivos.<\/p>\n<p>Es la primera vez que Alemania entra en recesi\u00f3n desde la pandemia del coronavirus, que hab\u00eda provocado una ca\u00edda del PIB en el primer y segundo trimestres de 2020.<\/p>\n<p>La industria alemana, que durante mucho tiempo dependi\u00f3 del gas ruso, se vio duramente afectada el a\u00f1o pasando despu\u00e9s que Mosc\u00fa, a ra\u00edz de las sanciones occidentales por la invasi\u00f3n de Ucrania, cort\u00f3 el suministro y los precios se dispararon.<\/p>\n<p>A pesar de ello, la econom\u00eda alemana pareci\u00f3 aguantar mejor de lo esperado, gracias a las masivas ayudas p\u00fablicas, un mayor uso de gas licuado y una ca\u00edda de los precios del gas a comienzos de a\u00f1o. La industria tambi\u00e9n se vio beneficiada por la reapertura de China tras la pandemia.<\/p>\n<p>La recesi\u00f3n parec\u00eda alejarse, pero el \u201coptimismo dej\u00f3 paso al realismo\u201d y \u201cAlemania cay\u00f3 en recesi\u00f3n\u201d, coment\u00f3 Carsten Brzeski, experto del banco ING.<\/p>\n<h3>Oveja negra<\/h3>\n<p>Varios indicadores econ\u00f3micos del mes de marzo ilustraron la situaci\u00f3n, entre ellos la producci\u00f3n industrial, central para el modelo econ\u00f3mico alem\u00e1n, que cay\u00f3 3.4 por ciento respecto a febrero.<\/p>\n<p>Asimismo, la producci\u00f3n de veh\u00edculos disminuy\u00f3 6.5 por ciento y la construcci\u00f3n se contrajo 4.6 por ciento.<\/p>\n<p>Los pedidos industriales cayeron con fuerza en marzo, 10.7 por ciento en comparaci\u00f3n con febrero, algo sin precedente desde el punto m\u00e1s bajo de la pandemia. Las exportaciones \u2013fundamentales para este sector\u2013 descendieron 5.2 por ciento.<\/p>\n<\/div>\n<p><script>\n      !function(f,b,e,v,n,t,s)\n      {if(f.fbq)return;n=f.fbq=function(){n.callMethod?\n      n.callMethod.apply(n,arguments):n.queue.push(arguments)};\n      if(!f._fbq)f._fbq=n;n.push=n;n.loaded=!0;n.version='2.0';\n      n.queue=[];t=b.createElement(e);t.async=!0;\n      t.src=v;s=b.getElementsByTagName(e)[0];\n      s.parentNode.insertBefore(t,s)}(window, document,'script',\n      'https:\/\/connect.facebook.net\/en_US\/fbevents.js');\n      fbq('init', '133913093805922');\n      fbq('track', 'PageView');\n      fbq('track', 'Contact');\n      fbq('track', 'Donate');\n      fbq('track', 'FindLocation');\n      fbq('track', 'Lead');\n      fbq('track', 'Search');\n      fbq('track', 'Subscribe', {value: '0.00', currency: 'MXN', predicted_ltv: '0.00'});\n      fbq('track', 'ViewContent');\n    <\/script><script type=\"text\/javascript\">(function(d, s, id) {\n\t  var js, fjs = d.getElementsByTagName(s)[0];\n\t  if (d.getElementById(id)) return;\n\t  js = d.createElement(s); js.id = id;\n\t  js.src = \"\/\/connect.facebook.net\/es_LA\/sdk.js#xfbml=1&amp;version=v3.3&amp;appId=774389309362880\";\n\t  fjs.parentNode.insertBefore(js, fjs);\n\t}(document, 'script', 'facebook-jssdk'));<\/script><\/p>\n","protected":false},"excerpt":{"rendered":"<p>Berl\u00edn. Alemania entr\u00f3 en recesi\u00f3n t\u00e9cnica en el primer trimestre de 2023, tras una segunda contracci\u00f3n consecutiva de su producto interno bruto (PIB), en un contexto de ca\u00edda de la producci\u00f3n industrial, inflaci\u00f3n y elevados tipos de inter\u00e9s. El PIB de la mayor econom\u00eda europea cay\u00f3 0.3 por ciento en el periodo enero-marzo respecto a [&hellip;]<\/p>\n","protected":false},"author":2,"featured_media":10806,"comment_status":"","ping_status":"","sticky":false,"template":"","format":"standard","meta":{"_monsterinsights_skip_tracking":false,"_monsterinsights_sitenote_active":false,"_monsterinsights_sitenote_note":"","_monsterinsights_sitenote_category":0,"footnotes":""},"categories":[9],"tags":[],"class_list":["post-10805","post","type-post","status-publish","format-standard","has-post-thumbnail","hentry","category-deportes"],"_links":{"self":[{"href":"https:\/\/informebajio.com.mx\/index.php?rest_route=\/wp\/v2\/posts\/10805","targetHints":{"allow":["GET"]}}],"collection":[{"href":"https:\/\/informebajio.com.mx\/index.php?rest_route=\/wp\/v2\/posts"}],"about":[{"href":"https:\/\/informebajio.com.mx\/index.php?rest_route=\/wp\/v2\/types\/post"}],"author":[{"embeddable":true,"href":"https:\/\/informebajio.com.mx\/index.php?rest_route=\/wp\/v2\/users\/2"}],"replies":[{"embeddable":true,"href":"https:\/\/informebajio.com.mx\/index.php?rest_route=%2Fwp%2Fv2%2Fcomments&post=10805"}],"version-history":[{"count":0,"href":"https:\/\/informebajio.com.mx\/index.php?rest_route=\/wp\/v2\/posts\/10805\/revisions"}],"wp:featuredmedia":[{"embeddable":true,"href":"https:\/\/informebajio.com.mx\/index.php?rest_route=\/wp\/v2\/media\/10806"}],"wp:attachment":[{"href":"https:\/\/informebajio.com.mx\/index.php?rest_route=%2Fwp%2Fv2%2Fmedia&parent=10805"}],"wp:term":[{"taxonomy":"category","embeddable":true,"href":"https:\/\/informebajio.com.mx\/index.php?rest_route=%2Fwp%2Fv2%2Fcategories&post=10805"},{"taxonomy":"post_tag","embeddable":true,"href":"https:\/\/informebajio.com.mx\/index.php?rest_route=%2Fwp%2Fv2%2Ftags&post=10805"}],"curies":[{"name":"wp","href":"https:\/\/api.w.org\/{rel}","templated":true}]}}