{"id":10815,"date":"2023-05-27T04:34:24","date_gmt":"2023-05-27T09:34:24","guid":{"rendered":"https:\/\/informebajio.com.mx\/?p=10815"},"modified":"2023-05-27T04:34:24","modified_gmt":"2023-05-27T09:34:24","slug":"buscan-comerciantes-unificar-tianguis-santa-cruz-nieto","status":"publish","type":"post","link":"https:\/\/informebajio.com.mx\/?p=10815","title":{"rendered":"Buscan comerciantes unificar tianguis Santa Cruz Nieto"},"content":{"rendered":"<div id=\"content-body-5851641-10119192\">\n<p>Con la intenci\u00f3n de <b>mejorar el servicio y tener una imagen nueva<\/b>, <b><a href=\"https:\/\/www.elsoldesanjuandelrio.com.mx\/local\/comerciantes-buscan-ampliacion-en-horarios-9002795.html\" target=\"_self\" rel=\"Follow noopener\">comerciantes<\/a> del tianguis <\/b>que se coloca los mi\u00e9rcoles en la comunidad de <b>Santa Cruz Nieto buscan unificar los toldos<\/b> en los que cada ocho d\u00edas ofrecen sus productos alimentos y servicios.<\/p>\n<p>As\u00ed lo dio a conocer <b>Fabi\u00e1n Gardu\u00f1o Rangel,<\/b> representante de esta agrupaci\u00f3n, al mencionar que, de esta manera <b>se ver\u00edan m\u00e1s ordenados los m\u00e1s de 300 comerciantes<\/b> de esta localidad, que a tambi\u00e9n ha ido creciendo en los \u00faltimos a\u00f1os, y considerando que es uno de los espacios que tienen mayor tradici\u00f3n en la zona.<\/p>\n<p>Explic\u00f3 que, recientemente el <b>gobierno municipal hizo entrega de por lo menos 112 licencias de funcionamiento,<\/b> y que ahora est\u00e1n en <b>busca de consolidar otras 50 para brindar tranquilidad y confianza<\/b> entre este sector que, en su mayor\u00eda son emanados de diferentes comunidades de San Juan del R\u00edo.<\/p>\n<p><i>&#8221; A m\u00ed me gustar\u00eda significar m\u00e1s el tianguis, no s\u00e9 algo as\u00ed como estandarizar y poner manteados de un solo color, colocaci\u00f3n de postes y toldos. Es una idea que pienso yo que nos puede favorecer mucho, ya tuvimos una mesa de trabajo con el alcalde y vamos a volver a reunirnos, nos ha ido bien para la gesti\u00f3n y estamos esperando a que avance el proyecto&#8221;.<\/i><\/p>\n<p>Gardu\u00f1o Rangel coment\u00f3 que, este tipo de elementos<b> contribuyen a incentivar al comercio<\/b> sobre todo porque advirti\u00f3 que no les ha ido bien en cuanto a las ganancias desde que comenz\u00f3 el a\u00f1o y sobre todo despu\u00e9s de la contingencia sanitaria por Covid-19, pero que, esperan que para esta segunda mitad del a\u00f1o les vaya mejor.<\/p>\n<p>Sostuvo que dentro de <b>lo que comercializan son antojitos mexicanos<\/b> como gorditas, filetes, tacos de barbacoa, chicharrones de res y carnitas, adem\u00e1s e ropa americana, utensilios para el hogar, frutas, verduras, carne, longaniza, queso, <b>zapatos y una gran cantidad de art\u00edculos<\/b> modernos para la toda la familia.<\/p>\n<p><i>&#8220;Para todos ser\u00eda de gran ayuda que se haga este proyecto, tambi\u00e9n tenemos la esperanza de que nos vaya mejor para los siguientes meses porque las ventas han estado regulares a\u00fan as\u00ed nosotros seguimos trabajando para ofrecer los mejores art\u00edculos a las personas y tambi\u00e9n darles un buen servicio&#8221;.<\/i><\/p>\n<p><b>\u27a1\ufe0f <\/b><a href=\"https:\/\/oem.us16.list-manage.com\/subscribe?u=c04a811ee61dc85305bf7133b&amp;id=f1b85ee5bb\"><b>Suscr\u00edbete a nuestro Newsletter y recibe las notas m\u00e1s relevantes en tu correo<\/b><\/a><\/p>\n<p>Finalmente llam\u00f3 la poblaci\u00f3n del municipio de San Juan del R\u00edo a que acuda cada mi\u00e9rcoles a partir de las 8 de la ma\u00f1ana a la zona centro de la comunidad de Santa Cruz Nieto para recorrer las arterias que comprende <b>este tianguis que lleva m\u00e1s de 15 a\u00f1os en funci\u00f3n.<\/b><\/p>\n<\/div>\n<p><script>(function(d, s, id) {\nvar js, fjs = d.getElementsByTagName(s)[0];\nif (d.getElementById(id)) return;\njs = d.createElement(s); js.id = id;\njs.src = 'https:\/\/connect.facebook.net\/es_LA\/sdk.js#xfbml=1&version=v3.2&appId=232029482016746&autoLogAppEvents=1';\nfjs.parentNode.insertBefore(js, fjs);\n}(document, 'script', 'facebook-jssdk'));\n<\/script><\/p>\n","protected":false},"excerpt":{"rendered":"<p>Con la intenci\u00f3n de mejorar el servicio y tener una imagen nueva, comerciantes del tianguis que se coloca los mi\u00e9rcoles en la comunidad de Santa Cruz Nieto buscan unificar los toldos en los que cada ocho d\u00edas ofrecen sus productos alimentos y servicios. As\u00ed lo dio a conocer Fabi\u00e1n Gardu\u00f1o Rangel, representante de esta agrupaci\u00f3n, [&hellip;]<\/p>\n","protected":false},"author":2,"featured_media":10816,"comment_status":"","ping_status":"","sticky":false,"template":"","format":"standard","meta":{"_monsterinsights_skip_tracking":false,"_monsterinsights_sitenote_active":false,"_monsterinsights_sitenote_note":"","_monsterinsights_sitenote_category":0,"footnotes":""},"categories":[6],"tags":[],"class_list":["post-10815","post","type-post","status-publish","format-standard","has-post-thumbnail","hentry","category-san-juan-del-rio"],"_links":{"self":[{"href":"https:\/\/informebajio.com.mx\/index.php?rest_route=\/wp\/v2\/posts\/10815","targetHints":{"allow":["GET"]}}],"collection":[{"href":"https:\/\/informebajio.com.mx\/index.php?rest_route=\/wp\/v2\/posts"}],"about":[{"href":"https:\/\/informebajio.com.mx\/index.php?rest_route=\/wp\/v2\/types\/post"}],"author":[{"embeddable":true,"href":"https:\/\/informebajio.com.mx\/index.php?rest_route=\/wp\/v2\/users\/2"}],"replies":[{"embeddable":true,"href":"https:\/\/informebajio.com.mx\/index.php?rest_route=%2Fwp%2Fv2%2Fcomments&post=10815"}],"version-history":[{"count":0,"href":"https:\/\/informebajio.com.mx\/index.php?rest_route=\/wp\/v2\/posts\/10815\/revisions"}],"wp:featuredmedia":[{"embeddable":true,"href":"https:\/\/informebajio.com.mx\/index.php?rest_route=\/wp\/v2\/media\/10816"}],"wp:attachment":[{"href":"https:\/\/informebajio.com.mx\/index.php?rest_route=%2Fwp%2Fv2%2Fmedia&parent=10815"}],"wp:term":[{"taxonomy":"category","embeddable":true,"href":"https:\/\/informebajio.com.mx\/index.php?rest_route=%2Fwp%2Fv2%2Fcategories&post=10815"},{"taxonomy":"post_tag","embeddable":true,"href":"https:\/\/informebajio.com.mx\/index.php?rest_route=%2Fwp%2Fv2%2Ftags&post=10815"}],"curies":[{"name":"wp","href":"https:\/\/api.w.org\/{rel}","templated":true}]}}