{"id":10829,"date":"2023-05-27T10:37:21","date_gmt":"2023-05-27T15:37:21","guid":{"rendered":"https:\/\/informebajio.com.mx\/?p=10829"},"modified":"2023-05-27T10:37:21","modified_gmt":"2023-05-27T15:37:21","slug":"cumplio-60-anos-el-mercado-reforma","status":"publish","type":"post","link":"https:\/\/informebajio.com.mx\/?p=10829","title":{"rendered":"Cumpli\u00f3 60 a\u00f1os el mercado Reforma"},"content":{"rendered":"<div id=\"content-body-5851641-10122093\">\n<p>Este jueves <b>25 de mayo<\/b>, el <b>mercado<a href=\"https:\/\/www.elsoldesanjuandelrio.com.mx\/local\/falta-dinero-para-mercado-reforma-9913103.html\" target=\"_self\" rel=\"Follow noopener\"> Reforma de San Juan del R\u00edo<\/a><\/b> cumpli\u00f3 <b>60 a\u00f1os de operaci\u00f3n<\/b> y los comerciantes aseguraron que tienen muchas an\u00e9cdotas por platicar y que al paso de los a\u00f1os, muchos de los locales han tomado una tradici\u00f3n para el consumo de la gente de esta demarcaci\u00f3n.<\/p>\n<p>Tal es el caso del pasillo donde venden dobladitas de guisados que son elaboradas por cocineras de algunas comunidades, ah\u00ed ofrecen adem\u00e1s <b>gorditas de trigo, queso de Santa Matilde o El Sitio, aunque recientemente tambi\u00e9n venden tacos dorados de pollo salchicha y pata.<\/b><\/p>\n<p>Otro de los rincones con mucha tradici\u00f3n en este lugar es el de la ropa nueva que se encuentra<b> cerca del altar a la Virgen de Guadalupe, patrona de los comerciantes<\/b>, a quien diariamente le ruegan por mejorar sus ventas sin olvidar los negocios en los que se ofrecen artesan\u00edas y utensilios para la cocina a base de barro y mimbre.<\/p>\n<p>Quienes realmente han forjado grandes amistades con la clientela son los propietarios de las frutas y verduras, as\u00ed como lo mencion\u00f3 el se\u00f1or<b> Agust\u00edn Ruiz Paredes<\/b>, quien tambi\u00e9n, en su momento, se desempe\u00f1\u00f3 como secretario general del mercado, y detall\u00f3 el profundo amor que le tiene a su labor porque viene de otras generaciones atr\u00e1s y <b>busca seguir impulsando el comercio entre sus hijos<\/b><\/p>\n<p><i>&#8220;Ya somos como cuatro generaciones los que hemos pasado por aqu\u00ed, es un placer atender a los clientes, muchos de ellos son mis amigos y no estar\u00eda aqu\u00ed sin mi pap\u00e1 que fue quien me ense\u00f1\u00f3 a trabajar en el mercado, me siento contento de ser parte de los primeros 60 a\u00f1os de nuestro mercado&#8221;.<\/i><\/p>\n<p>Ahora bien, al <b>recapitular algunos de los comercios<\/b> que son famosos en este mercado se encuentran <b>las carnitas de \u201cEl Vaca\u201d o las, San Juan, los tacos de \u201cEl tribi\u201d, fondas como la de Laurita o Las Cazuelas, que incluso comenzaron antes de que se edificara el inmueble.<\/b><\/p>\n<p>Pero a esto se suma lo longevo de la infraestructura en donde se ubican las carnicer\u00edas, con personajes que le han dado vida al mercado, y que ahora siguen con el legado que les<b> dejaron sus padres.<\/b><\/p>\n<p><b id=\"docs-internal-guid-9c4b7e73-7fff-2dce-d732-b469ec4c79e0\"><b>\u27a1\ufe0f <\/b><a href=\"https:\/\/oem.us16.list-manage.com\/subscribe?u=c04a811ee61dc85305bf7133b&amp;id=f1b85ee5bb\"><b><u>Suscr\u00edbete a nuestro Newsletter y recibe las notas m\u00e1s relevantes en tu correo<\/u><\/b><\/a><\/b><\/p>\n<p>Cabe mencionar que en la actualidad, los comerciantes de la sala baja, que est\u00e1 cerca de los lavaderos, esperan que se consoliden proyectos para renovar algunos pasillos y tener un mercado m\u00e1s digno en el que puedan prevalecer por otros<b> 60 a\u00f1os m\u00e1s.<\/b><\/p>\n<\/div>\n<p><script>(function(d, s, id) {\nvar js, fjs = d.getElementsByTagName(s)[0];\nif (d.getElementById(id)) return;\njs = d.createElement(s); js.id = id;\njs.src = 'https:\/\/connect.facebook.net\/es_LA\/sdk.js#xfbml=1&version=v3.2&appId=232029482016746&autoLogAppEvents=1';\nfjs.parentNode.insertBefore(js, fjs);\n}(document, 'script', 'facebook-jssdk'));\n<\/script><\/p>\n","protected":false},"excerpt":{"rendered":"<p>Este jueves 25 de mayo, el mercado Reforma de San Juan del R\u00edo cumpli\u00f3 60 a\u00f1os de operaci\u00f3n y los comerciantes aseguraron que tienen muchas an\u00e9cdotas por platicar y que al paso de los a\u00f1os, muchos de los locales han tomado una tradici\u00f3n para el consumo de la gente de esta demarcaci\u00f3n. Tal es el [&hellip;]<\/p>\n","protected":false},"author":2,"featured_media":10830,"comment_status":"","ping_status":"","sticky":false,"template":"","format":"standard","meta":{"_monsterinsights_skip_tracking":false,"_monsterinsights_sitenote_active":false,"_monsterinsights_sitenote_note":"","_monsterinsights_sitenote_category":0,"footnotes":""},"categories":[6],"tags":[],"class_list":["post-10829","post","type-post","status-publish","format-standard","has-post-thumbnail","hentry","category-san-juan-del-rio"],"_links":{"self":[{"href":"https:\/\/informebajio.com.mx\/index.php?rest_route=\/wp\/v2\/posts\/10829","targetHints":{"allow":["GET"]}}],"collection":[{"href":"https:\/\/informebajio.com.mx\/index.php?rest_route=\/wp\/v2\/posts"}],"about":[{"href":"https:\/\/informebajio.com.mx\/index.php?rest_route=\/wp\/v2\/types\/post"}],"author":[{"embeddable":true,"href":"https:\/\/informebajio.com.mx\/index.php?rest_route=\/wp\/v2\/users\/2"}],"replies":[{"embeddable":true,"href":"https:\/\/informebajio.com.mx\/index.php?rest_route=%2Fwp%2Fv2%2Fcomments&post=10829"}],"version-history":[{"count":0,"href":"https:\/\/informebajio.com.mx\/index.php?rest_route=\/wp\/v2\/posts\/10829\/revisions"}],"wp:featuredmedia":[{"embeddable":true,"href":"https:\/\/informebajio.com.mx\/index.php?rest_route=\/wp\/v2\/media\/10830"}],"wp:attachment":[{"href":"https:\/\/informebajio.com.mx\/index.php?rest_route=%2Fwp%2Fv2%2Fmedia&parent=10829"}],"wp:term":[{"taxonomy":"category","embeddable":true,"href":"https:\/\/informebajio.com.mx\/index.php?rest_route=%2Fwp%2Fv2%2Fcategories&post=10829"},{"taxonomy":"post_tag","embeddable":true,"href":"https:\/\/informebajio.com.mx\/index.php?rest_route=%2Fwp%2Fv2%2Ftags&post=10829"}],"curies":[{"name":"wp","href":"https:\/\/api.w.org\/{rel}","templated":true}]}}