{"id":10845,"date":"2023-05-27T18:59:29","date_gmt":"2023-05-27T23:59:29","guid":{"rendered":"https:\/\/informebajio.com.mx\/?p=10845"},"modified":"2023-05-27T18:59:29","modified_gmt":"2023-05-27T23:59:29","slug":"pide-obispo-de-celaya-infundir-fe-y-valores-en-los-jovenes","status":"publish","type":"post","link":"https:\/\/informebajio.com.mx\/?p=10845","title":{"rendered":"Pide Obispo de Celaya infundir fe y valores en los j\u00f3venes"},"content":{"rendered":"<div id=\"content-body-5851641-10128247\">\n<p>CELAYA, Gto.- (OEM-Informex).- Los j\u00f3venes son una de las principales preocupaciones que tiene la Di\u00f3cesis de Celaya y, es que, a decir del Obispo de la Di\u00f3cesis de Celaya, Monse\u00f1or V\u00edctor Alejandro Aguilar Ledesma, actualmente son cada vez m\u00e1s los que est\u00e1n involucrados en situaciones de inseguridad, atentan contra su propia vida, han dejado a un lado su participaci\u00f3n en actividades de voluntariado e incluso se han alejado de sus creencias religiosas por seguir modas o creer en las difamaciones que se promueven a trav\u00e9s de las redes sociales y, a pesar de que el prelado considera que no todo est\u00e1 perdido, dijo que es importante que los padres de familia transmitan la fe y los valores a sus hijos. <\/p>\n<p>Mencion\u00f3 que en la actualidad \u201cvemos una juventud de adolescentes perdidos en muchos campos, en muchas situaciones y, sobre todo, a nosotros nos preocupa m\u00e1s el hecho de c\u00f3mo van aumentando y gener\u00e1ndose los suicidios en j\u00f3venes, en ciertos lugares va creciendo la cantidad de j\u00f3venes que atentan contra su vida, algunos s\u00ed lo logran, otros qued\u00f3 en el intento y se alcanzan a salvar, pero ah\u00ed est\u00e1 latente esa cultura de suicidio, de poco valorar la vida\u201d. <\/p>\n<p>Tambi\u00e9n dijo, algunos j\u00f3venes ya no tienen el valor del servicio, ya que han manifestado no estar interesados en hacer voluntariado en lugares como la Cruz Roja, Protecci\u00f3n Civil, Bomberos, entre otros, por tal motivo, es que se ven personas mayores realizando esos servicios en favor de la sociedad. <\/p>\n<p><b>\u2b07\ufe0fDa clic aqu\u00ed\u2b07\ufe0f<\/b><\/p>\n<p><a href=\"https:\/\/www.elsoldelbajio.com.mx\/local\/ano-jubilar-invita-a-crear-cultura-de-solidaridad-obispo-9908734.html\"><b><u>A\u00f1o jubilar invita a crear cultura de solidaridad: Obispo<\/u><\/b><\/a><\/p>\n<p>De igual forma, indic\u00f3 que tampoco quieren involucrarse en las actividades de la Iglesia, de la vida social, c\u00edvica e incluso pol\u00edtica, aclarando en el \u00faltimo punto que no se refiere a los partidos pol\u00edticos, sino en el sentido amplio de pol\u00edtica, es decir, en la participaci\u00f3n de la construcci\u00f3n de la sociedad.<\/p>\n<p>El obispo tambi\u00e9n acept\u00f3 que muchos j\u00f3venes cada vez m\u00e1s est\u00e1n involucrados en situaciones de inseguridad y se han alejado de las creencias de la Iglesia Cat\u00f3lica, debido a que considera, se dejan convencer por lo que se dice en las redes sociales, sin siquiera investigar si es una difamaci\u00f3n o es contrario a la fe, tal y como pasa con la adoraci\u00f3n a la Santa Muerte o Jes\u00fas Malverde, por nombrar algunos. <\/p>\n<p>\u201cEs un gran reto el que tenemos con la juventud, porque realmente est\u00e1n embebidos en las redes sociales y ah\u00ed tienen acceso a una cantidad enorme de grupos de ciertas sectillas que andan haciendo ciertos rituales, andan metidos en muchas cosas\u201d. <\/p>\n<p>\u201cEn las redes sociales ha habido una indiscriminada difamaci\u00f3n, ataque y sobre explotaci\u00f3n de ciertas deficiencias de la Iglesia, una situaci\u00f3n que pasa en la Iglesia se magnifica, se viraliza, como si fuera lo \u00faltimo, porque el mal hace mucho ruido y el bien casi no, entonces, hay muchachillos que piensan que denigrar de la iglesia cat\u00f3lica o salirse es como que est\u00e1 de moda\u201d. <\/p>\n<p><b>\u2b07\ufe0fDa clic aqu\u00ed\u2b07\ufe0f<\/b><\/p>\n<p><a href=\"https:\/\/www.elsoldelbajio.com.mx\/local\/cardenal-alberto-suarez-inda-da-inicio-al-ano-jubilar-9937429.html\"><b><u>Cardenal Alberto Su\u00e1rez Inda da inicio al A\u00f1o Jubilar<\/u><\/b><\/a><\/p>\n<p>Monse\u00f1or Aguilar Ledema, indic\u00f3 que es importante reconocer que los padres de familia est\u00e1n fallando en la transmisi\u00f3n de la fe. Record\u00f3 que antes los padres de familia ten\u00edan como una de sus tareas primordiales educar en la fe y en los valores, sin embargo, ahora por motivos del trabajo, de ausencia del pap\u00e1, de la mam\u00e1 o que \u00e9sta \u00faltima es madre soltera o que son generaciones que no vivieron la fe, es por lo que ahora no se transmite. <\/p>\n<p>A pesar de todo, el obispo no pierde la esperanza de que los j\u00f3venes regresen al buen camino y, es que dijo, en la Di\u00f3cesis de Celaya se han tenido encuentros con la juventud perteneciente a los 11 decanatos, donde han participado cerca de 200 y 300, mismos que tendr\u00e1n un encuentro con el Papa Francisco del 1 al 6 de agosto en Lisboa, Portugal, con motivo a la Jornada Mundial de la Juventud (JMJ Lisboa 2023). <\/p>\n<p>\u201cGracias a Dios hay signos de esperanza en muchos lugares con muchos j\u00f3venes\u201d, indic\u00f3 el obispo, sin embargo, considera que aunque algunos j\u00f3venes est\u00e1n integr\u00e1ndose a la Iglesia, \u201cquisi\u00e9ramos que fueran m\u00e1s, realmente son pocos, pero hay esperanza, hay signos de que no todo est\u00e1 perdido\u201d, concluy\u00f3 Monse\u00f1or Aguilar Ledesma. <\/p>\n<\/div>\n<p><script>(function(d, s, id) {\nvar js, fjs = d.getElementsByTagName(s)[0];\nif (d.getElementById(id)) return;\njs = d.createElement(s); js.id = id;\njs.src = 'https:\/\/connect.facebook.net\/es_LA\/sdk.js#xfbml=1&version=v3.2&appId=899106460676237&autoLogAppEvents=1';\nfjs.parentNode.insertBefore(js, fjs);\n}(document, 'script', 'facebook-jssdk'));\n<\/script><\/p>\n","protected":false},"excerpt":{"rendered":"<p>CELAYA, Gto.- (OEM-Informex).- Los j\u00f3venes son una de las principales preocupaciones que tiene la Di\u00f3cesis de Celaya y, es que, a decir del Obispo de la Di\u00f3cesis de Celaya, Monse\u00f1or V\u00edctor Alejandro Aguilar Ledesma, actualmente son cada vez m\u00e1s los que est\u00e1n involucrados en situaciones de inseguridad, atentan contra su propia vida, han dejado a [&hellip;]<\/p>\n","protected":false},"author":2,"featured_media":10846,"comment_status":"","ping_status":"","sticky":false,"template":"","format":"standard","meta":{"_monsterinsights_skip_tracking":false,"_monsterinsights_sitenote_active":false,"_monsterinsights_sitenote_note":"","_monsterinsights_sitenote_category":0,"footnotes":""},"categories":[8],"tags":[],"class_list":["post-10845","post","type-post","status-publish","format-standard","has-post-thumbnail","hentry","category-guanajuato"],"_links":{"self":[{"href":"https:\/\/informebajio.com.mx\/index.php?rest_route=\/wp\/v2\/posts\/10845","targetHints":{"allow":["GET"]}}],"collection":[{"href":"https:\/\/informebajio.com.mx\/index.php?rest_route=\/wp\/v2\/posts"}],"about":[{"href":"https:\/\/informebajio.com.mx\/index.php?rest_route=\/wp\/v2\/types\/post"}],"author":[{"embeddable":true,"href":"https:\/\/informebajio.com.mx\/index.php?rest_route=\/wp\/v2\/users\/2"}],"replies":[{"embeddable":true,"href":"https:\/\/informebajio.com.mx\/index.php?rest_route=%2Fwp%2Fv2%2Fcomments&post=10845"}],"version-history":[{"count":0,"href":"https:\/\/informebajio.com.mx\/index.php?rest_route=\/wp\/v2\/posts\/10845\/revisions"}],"wp:featuredmedia":[{"embeddable":true,"href":"https:\/\/informebajio.com.mx\/index.php?rest_route=\/wp\/v2\/media\/10846"}],"wp:attachment":[{"href":"https:\/\/informebajio.com.mx\/index.php?rest_route=%2Fwp%2Fv2%2Fmedia&parent=10845"}],"wp:term":[{"taxonomy":"category","embeddable":true,"href":"https:\/\/informebajio.com.mx\/index.php?rest_route=%2Fwp%2Fv2%2Fcategories&post=10845"},{"taxonomy":"post_tag","embeddable":true,"href":"https:\/\/informebajio.com.mx\/index.php?rest_route=%2Fwp%2Fv2%2Ftags&post=10845"}],"curies":[{"name":"wp","href":"https:\/\/api.w.org\/{rel}","templated":true}]}}