{"id":10855,"date":"2023-05-27T23:31:33","date_gmt":"2023-05-28T04:31:33","guid":{"rendered":"https:\/\/informebajio.com.mx\/?p=10855"},"modified":"2023-05-27T23:31:33","modified_gmt":"2023-05-28T04:31:33","slug":"inauguran-la-feria-nacional-del-queso-y-el-vino-2023-de-tequisquiapan","status":"publish","type":"post","link":"https:\/\/informebajio.com.mx\/?p=10855","title":{"rendered":"Inauguran la Feria Nacional del Queso y el Vino 2023 de Tequisquiapan"},"content":{"rendered":"<div>\n<h2>Tres fines de semana del 26 de mayo al 11 de junio<\/h2>\n<p>Noticias<\/p>\n<p>El municipio de Tequisquiapan recibi\u00f3 a miles de asistentes que presenciaron la inauguraci\u00f3n de la Feria Nacional del Queso y el Vino 2023 en su edici\u00f3n 43; el evento se desarrolla en el emblem\u00e1tico Parque La Pila.<\/p>\n<p>Este a\u00f1o el pa\u00eds invitado es Italia por lo que el evento se ameniz\u00f3 con una gala de \u00f3pera encabezada por el tenor Andr\u00e9s Tapia y la soprano L\u00eda Esparza, quienes estuvieron acompa\u00f1ados por la m\u00fasica de la Orquesta Sinf\u00f3nica del Baj\u00edo, que estuvo dirigida por el Maestro Jes\u00fas Almanza<\/p>\n<p><!-- Composite Start --><\/p>\n<p><!-- Composite End --><\/p>\n<p>Durante los tres fines de semana se realizar\u00e1n m\u00e1s de 70 eventos incluyendo catas, degustaciones, maridajes, as\u00ed como actividades culturales y art\u00edsticas. Se trata de una feria 100 % familiar a trav\u00e9s de la cual se promueve la queretaneidad.<\/p>\n<p>De acuerdo a datos de la Secretar\u00eda de Turismo la ocupaci\u00f3n hotelera est\u00e1 por encima del 90%; sin embargo, a\u00fan hay habitaciones. Cabe se\u00f1alar que la Feria Nacional del Queso y el Vino tambi\u00e9n es de gran beneficio para la regi\u00f3n del semidesierto de Quer\u00e9taro ya que los paseantes aprovechan para conocer destinos tur\u00edsticos cercanos.<\/p>\n<p>El presidente municipal de Tequisquiapan, Antonio Mej\u00eda Lira y la Presidenta del Patronato para el Sistema Municipal DIF, Norma Mej\u00eda Lira, realizaron un recorrido por los m\u00e1s de 70 stands que incluyen productos vitivin\u00edcolas, quesos, charcuter\u00eda, alimentos, as\u00ed como productos afines a la industria.<\/p>\n<p>Las autoridades del municipio desearon a los participantes buenas ventas y pidieron que, ante todo se cuide la atenci\u00f3n a los visitantes pues la Feria Nacional del Queso y el Vino es la carta de presentaci\u00f3n para que los paseantes mantengan futuras visitas al Pueblo M\u00e1gico.<\/p>\n<p>En representaci\u00f3n de Gobierno del Estado, acudi\u00f3 Rodrigo Ibarra Lozano, quien es el encargado de la Direcci\u00f3n de Promoci\u00f3n Tur\u00edstica de la Secretar\u00eda de Turismo del estado de Quer\u00e9taro (SECTUR).<\/p>\n<p>Aar\u00f3n Manzur Rodr\u00edguez, presidente del patronato de Feria, dio la bienvenida a los asistentes y reconoci\u00f3 que gracias al trabajo conjunto entre los gobiernos municipal, estatal y la iniciativa privada es posible lograr una recuperaci\u00f3n econ\u00f3mica en beneficio de los prestadores de servicios.<\/p>\n<p>\u201cDesde 1976 fue creado este gran festival, con la idea de apoyar a la industria vin\u00edcola y quesera de Quer\u00e9taro, pero tambi\u00e9n para marcar el desarrollo tur\u00edstico de Tequisquiapan y mantener a nuestro estado en el escenario nacional. Hoy seguimos evolucionando, nos convertimos en una plataforma de difusi\u00f3n para los productores mexicanos (\u2026) En esta edici\u00f3n tenemos como invitado de honor a Italia que dar\u00e1 muestra de su cultura gastron\u00f3mica, pero tambi\u00e9n abrimos espacios para los artistas pl\u00e1sticos, musicales, los chefs, los someliers y por supuesto a los cocineros queretanos\u201d.<\/p>\n<p>Finalmente agradeci\u00f3 a las autoridades las facilidades y promoci\u00f3n que se hace en beneficio del Turismo en el Pueblo M\u00e1gico de Tequisquiapan.<\/p>\n<p>Finalmente Halina Gama, directora de turismo del municipio de Tequisquiapan dio por inaugurada la Feria Nacional del Queso y el Vino 2023, con una invitaci\u00f3n a disfrutar la feria y a Tequisquiapan.<\/p>\n<\/div>\n<p><\/p>\n","protected":false},"excerpt":{"rendered":"<p>Tres fines de semana del 26 de mayo al 11 de junio Noticias El municipio de Tequisquiapan recibi\u00f3 a miles de asistentes que presenciaron la inauguraci\u00f3n de la Feria Nacional del Queso y el Vino 2023 en su edici\u00f3n 43; el evento se desarrolla en el emblem\u00e1tico Parque La Pila. Este a\u00f1o el pa\u00eds invitado [&hellip;]<\/p>\n","protected":false},"author":2,"featured_media":10856,"comment_status":"","ping_status":"","sticky":false,"template":"","format":"standard","meta":{"_monsterinsights_skip_tracking":false,"_monsterinsights_sitenote_active":false,"_monsterinsights_sitenote_note":"","_monsterinsights_sitenote_category":0,"footnotes":""},"categories":[4],"tags":[],"class_list":["post-10855","post","type-post","status-publish","format-standard","has-post-thumbnail","hentry","category-queretaro"],"_links":{"self":[{"href":"https:\/\/informebajio.com.mx\/index.php?rest_route=\/wp\/v2\/posts\/10855","targetHints":{"allow":["GET"]}}],"collection":[{"href":"https:\/\/informebajio.com.mx\/index.php?rest_route=\/wp\/v2\/posts"}],"about":[{"href":"https:\/\/informebajio.com.mx\/index.php?rest_route=\/wp\/v2\/types\/post"}],"author":[{"embeddable":true,"href":"https:\/\/informebajio.com.mx\/index.php?rest_route=\/wp\/v2\/users\/2"}],"replies":[{"embeddable":true,"href":"https:\/\/informebajio.com.mx\/index.php?rest_route=%2Fwp%2Fv2%2Fcomments&post=10855"}],"version-history":[{"count":0,"href":"https:\/\/informebajio.com.mx\/index.php?rest_route=\/wp\/v2\/posts\/10855\/revisions"}],"wp:featuredmedia":[{"embeddable":true,"href":"https:\/\/informebajio.com.mx\/index.php?rest_route=\/wp\/v2\/media\/10856"}],"wp:attachment":[{"href":"https:\/\/informebajio.com.mx\/index.php?rest_route=%2Fwp%2Fv2%2Fmedia&parent=10855"}],"wp:term":[{"taxonomy":"category","embeddable":true,"href":"https:\/\/informebajio.com.mx\/index.php?rest_route=%2Fwp%2Fv2%2Fcategories&post=10855"},{"taxonomy":"post_tag","embeddable":true,"href":"https:\/\/informebajio.com.mx\/index.php?rest_route=%2Fwp%2Fv2%2Ftags&post=10855"}],"curies":[{"name":"wp","href":"https:\/\/api.w.org\/{rel}","templated":true}]}}