{"id":10857,"date":"2023-05-28T04:32:37","date_gmt":"2023-05-28T09:32:37","guid":{"rendered":"https:\/\/informebajio.com.mx\/?p=10857"},"modified":"2023-05-28T04:32:37","modified_gmt":"2023-05-28T09:32:37","slug":"protestan-academicos-activistas-y-amigos-de-lider-cafetalero-detenido","status":"publish","type":"post","link":"https:\/\/informebajio.com.mx\/?p=10857","title":{"rendered":"Protestan acad\u00e9micos, activistas y amigos de l\u00edder cafetalero detenido"},"content":{"rendered":"<div>\n<p>Protestaron en la Plaza Lerdo por la detenci\u00f3n arbitraria de Cirio Ruiz Gonz\u00e1lez.<\/p>\n<p>(La Jornada)<\/p>\n<p>Xalapa, Ver.\u00a0Acad\u00e9micos, defensores del medioambiente, y activistas sociales protestaron en la Plaza Lerdo por la detenci\u00f3n arbitraria de Cirio Ruiz Gonz\u00e1lez, presidente del Consejo Regional del Caf\u00e9, Viridiana Bret\u00f3n, periodista y ex alcaldesa de Ixhuatl\u00e1n del Caf\u00e9, y a los productores cafetaleros Crisanto Valiente, Minervo Cantor y Abraham Cabal, que realiz\u00f3 la fiscal\u00eda de Veracruz, a cargo de Ver\u00f3nica Hern\u00e1ndez Giad\u00e1ns.<\/p>\n<p>Eligio Ruiz Gonz\u00e1lez, productor cafetalero y hermano de Cirio Ruiz, dijo que la detenci\u00f3n de su hermano y cuatro personas m\u00e1s fue un acto arbitrario, en donde no se acat\u00f3 el debido proceso ni se respet\u00f3 la presunci\u00f3n de inocencia, ya que fueron detenidos sin enviarles citatorios previos, llamarlos a comparecer, o notificarles que hab\u00eda una investigaci\u00f3n en su contra.<\/p>\n<p>\u201cPara nosotros estas detenciones son un mensaje pol\u00edtico, un acto de intimidaci\u00f3n para que nadie se defienda del abuso del mercado, para que nadie proteste contra quienes castigan el precio del caf\u00e9\u201d, dijo Eligio Ruiz.<\/p>\n<div class=\"wp-block-image\">\n<figure class=\"aligncenter size-full\"><img loading=\"lazy\" decoding=\"async\" width=\"745\" height=\"335\" alt=\"\" srcset=\"https:\/\/laroja.com.mx\/wp-content\/uploads\/2023\/05\/image-228.png 745w, https:\/\/laroja.com.mx\/wp-content\/uploads\/2023\/05\/image-228-600x270.png 600w, https:\/\/laroja.com.mx\/wp-content\/uploads\/2023\/05\/image-228-150x67.png 150w\" src=\"https:\/\/laroja.com.mx\/wp-content\/uploads\/2023\/05\/image-228.png\" data-sizes=\"(max-width: 745px) 100vw, 745px\" class=\"wp-image-148087 lazyload\" bad-src=\"data:image\/gif;base64,R0lGODlhAQABAAAAACH5BAEKAAEALAAAAAABAAEAAAICTAEAOw==\"\/><noscript><img loading=\"lazy\" decoding=\"async\" width=\"745\" height=\"335\" src=\"https:\/\/laroja.com.mx\/wp-content\/uploads\/2023\/05\/image-228.png\" alt=\"\" class=\"wp-image-148087\" srcset=\"https:\/\/laroja.com.mx\/wp-content\/uploads\/2023\/05\/image-228.png 745w, https:\/\/laroja.com.mx\/wp-content\/uploads\/2023\/05\/image-228-600x270.png 600w, https:\/\/laroja.com.mx\/wp-content\/uploads\/2023\/05\/image-228-150x67.png 150w\" sizes=\"auto, (max-width: 745px) 100vw, 745px\"\/><\/noscript><figcaption class=\"wp-element-caption\">Foto: Eirinet G\u00f3mez (La Jornada)<\/figcaption><\/figure>\n<\/div><\/div>\n<p><\/p>\n","protected":false},"excerpt":{"rendered":"<p>Protestaron en la Plaza Lerdo por la detenci\u00f3n arbitraria de Cirio Ruiz Gonz\u00e1lez. (La Jornada) Xalapa, Ver.\u00a0Acad\u00e9micos, defensores del medioambiente, y activistas sociales protestaron en la Plaza Lerdo por la detenci\u00f3n arbitraria de Cirio Ruiz Gonz\u00e1lez, presidente del Consejo Regional del Caf\u00e9, Viridiana Bret\u00f3n, periodista y ex alcaldesa de Ixhuatl\u00e1n del Caf\u00e9, y a los [&hellip;]<\/p>\n","protected":false},"author":2,"featured_media":10858,"comment_status":"","ping_status":"","sticky":false,"template":"","format":"standard","meta":{"_monsterinsights_skip_tracking":false,"_monsterinsights_sitenote_active":false,"_monsterinsights_sitenote_note":"","_monsterinsights_sitenote_category":0,"footnotes":""},"categories":[5],"tags":[],"class_list":["post-10857","post","type-post","status-publish","format-standard","has-post-thumbnail","hentry","category-san-luis-potosi"],"_links":{"self":[{"href":"https:\/\/informebajio.com.mx\/index.php?rest_route=\/wp\/v2\/posts\/10857","targetHints":{"allow":["GET"]}}],"collection":[{"href":"https:\/\/informebajio.com.mx\/index.php?rest_route=\/wp\/v2\/posts"}],"about":[{"href":"https:\/\/informebajio.com.mx\/index.php?rest_route=\/wp\/v2\/types\/post"}],"author":[{"embeddable":true,"href":"https:\/\/informebajio.com.mx\/index.php?rest_route=\/wp\/v2\/users\/2"}],"replies":[{"embeddable":true,"href":"https:\/\/informebajio.com.mx\/index.php?rest_route=%2Fwp%2Fv2%2Fcomments&post=10857"}],"version-history":[{"count":0,"href":"https:\/\/informebajio.com.mx\/index.php?rest_route=\/wp\/v2\/posts\/10857\/revisions"}],"wp:featuredmedia":[{"embeddable":true,"href":"https:\/\/informebajio.com.mx\/index.php?rest_route=\/wp\/v2\/media\/10858"}],"wp:attachment":[{"href":"https:\/\/informebajio.com.mx\/index.php?rest_route=%2Fwp%2Fv2%2Fmedia&parent=10857"}],"wp:term":[{"taxonomy":"category","embeddable":true,"href":"https:\/\/informebajio.com.mx\/index.php?rest_route=%2Fwp%2Fv2%2Fcategories&post=10857"},{"taxonomy":"post_tag","embeddable":true,"href":"https:\/\/informebajio.com.mx\/index.php?rest_route=%2Fwp%2Fv2%2Ftags&post=10857"}],"curies":[{"name":"wp","href":"https:\/\/api.w.org\/{rel}","templated":true}]}}