{"id":10877,"date":"2023-05-28T11:05:37","date_gmt":"2023-05-28T16:05:37","guid":{"rendered":"https:\/\/informebajio.com.mx\/?p=10877"},"modified":"2023-05-28T11:05:37","modified_gmt":"2023-05-28T16:05:37","slug":"reponen-laminas-en-zonas-afectadas-de-amealco","status":"publish","type":"post","link":"https:\/\/informebajio.com.mx\/?p=10877","title":{"rendered":"Reponen laminas en zonas afectadas de Amealco"},"content":{"rendered":"<div id=\"content-body-5851641-10129680\">\n<p>Luego de realizar un recorrido por las <b>comunidades del municipio de Amealco de Bonfil<\/b> que resultaron <b>afectadas tras la intensa granizada <\/b>de la noche del jueves, el gobierno municipal en conjunto con autoridades del estado, comenzaron con la <b><a href=\"https:\/\/www.diariodequeretaro.com.mx\/local\/rehacen-techo-a-401-casas-de-amealco-9950601.html\" target=\"_self\" rel=\"Follow noopener\">reposici\u00f3n de l\u00e1minas <\/a>para brindar seguridad en los hogares.<\/b><\/p>\n<p>As\u00ed lo dio a conocer <b>Miguel \u00c1ngel Chaparro<\/b>, director de Gobierno de esta demarcaci\u00f3n, quien resalt\u00f3 que seg\u00fan este conteo fueron <b>alrededor de 84 familias quienes tuvieron mayormente perforaciones en las l\u00e1mina<\/b>s de asbesto y por lo cual s<b>e hizo la reposici\u00f3n de m\u00e1s de 620 piezas <\/b>y de igual manera se gener\u00f3 el apoyo para la reposici\u00f3n principalmente en casas habitaci\u00f3n y cocinas.<\/p>\n<p>Se\u00f1al\u00f3 que por orden del presidente municipal, <b>Ren\u00e9 Mej\u00eda Montoya<\/b> desde los primeros minutos que se enteraron de la contingencia personal de la unidad de Protecci\u00f3n Civil Municipal y Seguridad P\u00fablica estuvieron <b>atendiendo a las familias<\/b>, quienes asustadas hicieron el llamado al 911 para recibir orientaci\u00f3n precisamente<b> por los da\u00f1os estructurales.<\/b><\/p>\n<p><i>&#8220;El Municipio aport\u00f3 m\u00e1s de 620 l\u00e1minas, y nos apuramos para cubrir a m\u00e1s del 60% favoreciendo principalmente a los cuartos y cocinas que se vieron afectadas por la ca\u00edda del granizo. Nos retiramos de la zona afectada despu\u00e9s de las 19:00 horas, cubriendo en su totalidad sobre todo nos preocupaba porque los pron\u00f3sticos dec\u00edan que habr\u00eda lluvia de nuevo&#8221;.<\/i><\/p>\n<p>El funcionario municipal declar\u00f3 que tuvieron que apresurar las acciones contando con el personal de la direcci\u00f3n de servicios municipales y otras dependencias porque de acuerdo con los <b>pron\u00f3sticos de la Comisi\u00f3n Nacional del Agu<\/b>a (Conagua) era que de nuevo <b>habr\u00eda presencia de humedad y tormentas el\u00e9ctricas<\/b> en esta zona norte de Amealco que a su vez colinda con San Juan del R\u00edo.<\/p>\n<p>Miguel \u00c1ngel Chaparro coment\u00f3 que, ser\u00eda <b>en el transcurso de este s\u00e1bado<\/b> que se dar\u00eda continuidad para concluir el proceso de la <b>reposici\u00f3n en los techos de las familias principalmente en San Antonio la Labor, Quiotillos y La Mesa.<\/b><\/p>\n<p><b>\u27a1\ufe0f <\/b><a href=\"https:\/\/oem.us16.list-manage.com\/subscribe?u=c04a811ee61dc85305bf7133b&amp;id=f1b85ee5bb\"><b>Suscr\u00edbete a nuestro Newsletter y recibe las notas m\u00e1s relevantes en tu correo<\/b><\/a><b\/><\/p>\n<p>Ahora bien, para el caso de <b>los calentadores solares<\/b> que se vieron averiados por la intempestiva granizada, precis\u00f3 que ser\u00e1 <b>en los pr\u00f3ximos d\u00edas <\/b>cuando se acerquen con los pobladores<b> para ofrecer una posible soluci\u00f3n<\/b>, al considerar que son muy \u00fatiles para ellos y sus familias.<\/p>\n<\/div>\n<p><script>(function(d, s, id) {\nvar js, fjs = d.getElementsByTagName(s)[0];\nif (d.getElementById(id)) return;\njs = d.createElement(s); js.id = id;\njs.src = 'https:\/\/connect.facebook.net\/es_LA\/sdk.js#xfbml=1&version=v3.2&appId=232029482016746&autoLogAppEvents=1';\nfjs.parentNode.insertBefore(js, fjs);\n}(document, 'script', 'facebook-jssdk'));\n<\/script><\/p>\n","protected":false},"excerpt":{"rendered":"<p>Luego de realizar un recorrido por las comunidades del municipio de Amealco de Bonfil que resultaron afectadas tras la intensa granizada de la noche del jueves, el gobierno municipal en conjunto con autoridades del estado, comenzaron con la reposici\u00f3n de l\u00e1minas para brindar seguridad en los hogares. As\u00ed lo dio a conocer Miguel \u00c1ngel Chaparro, [&hellip;]<\/p>\n","protected":false},"author":2,"featured_media":10878,"comment_status":"","ping_status":"","sticky":false,"template":"","format":"standard","meta":{"_monsterinsights_skip_tracking":false,"_monsterinsights_sitenote_active":false,"_monsterinsights_sitenote_note":"","_monsterinsights_sitenote_category":0,"footnotes":""},"categories":[6],"tags":[],"class_list":["post-10877","post","type-post","status-publish","format-standard","has-post-thumbnail","hentry","category-san-juan-del-rio"],"_links":{"self":[{"href":"https:\/\/informebajio.com.mx\/index.php?rest_route=\/wp\/v2\/posts\/10877","targetHints":{"allow":["GET"]}}],"collection":[{"href":"https:\/\/informebajio.com.mx\/index.php?rest_route=\/wp\/v2\/posts"}],"about":[{"href":"https:\/\/informebajio.com.mx\/index.php?rest_route=\/wp\/v2\/types\/post"}],"author":[{"embeddable":true,"href":"https:\/\/informebajio.com.mx\/index.php?rest_route=\/wp\/v2\/users\/2"}],"replies":[{"embeddable":true,"href":"https:\/\/informebajio.com.mx\/index.php?rest_route=%2Fwp%2Fv2%2Fcomments&post=10877"}],"version-history":[{"count":0,"href":"https:\/\/informebajio.com.mx\/index.php?rest_route=\/wp\/v2\/posts\/10877\/revisions"}],"wp:featuredmedia":[{"embeddable":true,"href":"https:\/\/informebajio.com.mx\/index.php?rest_route=\/wp\/v2\/media\/10878"}],"wp:attachment":[{"href":"https:\/\/informebajio.com.mx\/index.php?rest_route=%2Fwp%2Fv2%2Fmedia&parent=10877"}],"wp:term":[{"taxonomy":"category","embeddable":true,"href":"https:\/\/informebajio.com.mx\/index.php?rest_route=%2Fwp%2Fv2%2Fcategories&post=10877"},{"taxonomy":"post_tag","embeddable":true,"href":"https:\/\/informebajio.com.mx\/index.php?rest_route=%2Fwp%2Fv2%2Ftags&post=10877"}],"curies":[{"name":"wp","href":"https:\/\/api.w.org\/{rel}","templated":true}]}}