{"id":10881,"date":"2023-05-28T13:58:26","date_gmt":"2023-05-28T18:58:26","guid":{"rendered":"https:\/\/informebajio.com.mx\/?p=10881"},"modified":"2023-05-28T13:58:26","modified_gmt":"2023-05-28T18:58:26","slug":"alcalde-de-morelia-confirma-que-marchara-en-defensa-de-la-scjn","status":"publish","type":"post","link":"https:\/\/informebajio.com.mx\/?p=10881","title":{"rendered":"Alcalde de Morelia confirma que marchar\u00e1 en defensa de la SCJN"},"content":{"rendered":"<div id=\"content-body-225-10130912\">\n<p>Morelia, Michoac\u00e1n (OEM-Infomex).- El presidente municipal de Morelia,<b> Alfonso Mart\u00ednez Alc\u00e1zar <\/b>confirm\u00f3 que si marchar\u00e1 este domingo en Morelia en defensa de la<b> Suprema Corte de Justicia de la Naci\u00f3n<\/b> (SCJN) como fue convocado en 58 ciudades del pa\u00eds.<\/p>\n<p>La movilizaci\u00f3n fue convocada a nivel nacional por diversas organizaciones civiles como la denominada <b>\u201cChalecos Amarillos\u201d<\/b> que preside Alejandra Moran, y en la que tambi\u00e9n participar\u00e1n partidos pol\u00edticos como Acci\u00f3n Nacional (PAN), el Revolucionario Institucional (PRI) y el de la Revoluci\u00f3n Democr\u00e1tica (PRD).<\/p>\n<p>La convocatoria se realiz\u00f3 debido a que desde enero de este a\u00f1o el presidente de la Rep\u00fablica, <b>Andr\u00e9s Manuel L\u00f3pez Obrador<\/b> ha realizado una serie de declaraciones en contra del Poder Judicial y en los \u00faltimos meses por la<b> Suprema Corte de Justicia de la Naci\u00f3n<\/b> (SCJN) supuestamente porque son \u201ccorruptos\u201d y no se ajusta a la pol\u00edtica de austeridad.<\/p>\n<p>Al ser cuestionado sobre la movilizaci\u00f3n, el alcalde moreliano respondi\u00f3 que s\u00ed estar\u00e1 presente en la movilizaci\u00f3n que se llevar\u00e1 a cabo en Morelia este domingo 28 de mayo, porque desde su punto de vista se tiene que defender a las instituciones como la SCJN.<\/p>\n<p>Mart\u00ednez Alc\u00e1zar consider\u00f3 que el presidente no puede desacreditar a la instituci\u00f3n cuando no te da la raz\u00f3n en algo, y por ello, no se tiene que ser \u201cconvenenciero\u201d.<\/p>\n<p>En Morelia, la marcha partir\u00e1 de la<b> Fuente de Las Tarascas <\/b>a partir de las 10:00 de la ma\u00f1ana, y la ciudad se sumar\u00e1 a las 58 ciudades en donde se realizar\u00e1 la movilizaci\u00f3n en defensa de la SCJN y de la Constituci\u00f3n Pol\u00edtica del pa\u00eds.<\/p>\n<p>A nivel nacional, la marcha se llevar\u00e1 a cabo desde el Monumento a la Revoluci\u00f3n hasta el Z\u00f3calo de la Ciudad de M\u00e9xico a partir de las 10:30 de la ma\u00f1ana.<\/p>\n<\/div>\n<p><script>(function(d, s, id) {\nvar js, fjs = d.getElementsByTagName(s)[0];\nif (d.getElementById(id)) return;\njs = d.createElement(s); js.id = id;\njs.src = 'https:\/\/connect.facebook.net\/es_LA\/sdk.js#xfbml=1&version=v3.2&appId=2304818722879035&autoLogAppEvents=1';\nfjs.parentNode.insertBefore(js, fjs);\n}(document, 'script', 'facebook-jssdk'));\n<\/script><\/p>\n","protected":false},"excerpt":{"rendered":"<p>Morelia, Michoac\u00e1n (OEM-Infomex).- El presidente municipal de Morelia, Alfonso Mart\u00ednez Alc\u00e1zar confirm\u00f3 que si marchar\u00e1 este domingo en Morelia en defensa de la Suprema Corte de Justicia de la Naci\u00f3n (SCJN) como fue convocado en 58 ciudades del pa\u00eds. La movilizaci\u00f3n fue convocada a nivel nacional por diversas organizaciones civiles como la denominada \u201cChalecos Amarillos\u201d [&hellip;]<\/p>\n","protected":false},"author":2,"featured_media":10882,"comment_status":"","ping_status":"","sticky":false,"template":"","format":"standard","meta":{"_monsterinsights_skip_tracking":false,"_monsterinsights_sitenote_active":false,"_monsterinsights_sitenote_note":"","_monsterinsights_sitenote_category":0,"footnotes":""},"categories":[7],"tags":[],"class_list":["post-10881","post","type-post","status-publish","format-standard","has-post-thumbnail","hentry","category-michoacan"],"_links":{"self":[{"href":"https:\/\/informebajio.com.mx\/index.php?rest_route=\/wp\/v2\/posts\/10881","targetHints":{"allow":["GET"]}}],"collection":[{"href":"https:\/\/informebajio.com.mx\/index.php?rest_route=\/wp\/v2\/posts"}],"about":[{"href":"https:\/\/informebajio.com.mx\/index.php?rest_route=\/wp\/v2\/types\/post"}],"author":[{"embeddable":true,"href":"https:\/\/informebajio.com.mx\/index.php?rest_route=\/wp\/v2\/users\/2"}],"replies":[{"embeddable":true,"href":"https:\/\/informebajio.com.mx\/index.php?rest_route=%2Fwp%2Fv2%2Fcomments&post=10881"}],"version-history":[{"count":0,"href":"https:\/\/informebajio.com.mx\/index.php?rest_route=\/wp\/v2\/posts\/10881\/revisions"}],"wp:featuredmedia":[{"embeddable":true,"href":"https:\/\/informebajio.com.mx\/index.php?rest_route=\/wp\/v2\/media\/10882"}],"wp:attachment":[{"href":"https:\/\/informebajio.com.mx\/index.php?rest_route=%2Fwp%2Fv2%2Fmedia&parent=10881"}],"wp:term":[{"taxonomy":"category","embeddable":true,"href":"https:\/\/informebajio.com.mx\/index.php?rest_route=%2Fwp%2Fv2%2Fcategories&post=10881"},{"taxonomy":"post_tag","embeddable":true,"href":"https:\/\/informebajio.com.mx\/index.php?rest_route=%2Fwp%2Fv2%2Ftags&post=10881"}],"curies":[{"name":"wp","href":"https:\/\/api.w.org\/{rel}","templated":true}]}}