{"id":10887,"date":"2023-05-28T17:20:59","date_gmt":"2023-05-28T22:20:59","guid":{"rendered":"https:\/\/informebajio.com.mx\/?p=10887"},"modified":"2023-05-28T17:20:59","modified_gmt":"2023-05-28T22:20:59","slug":"promueven-desde-el-senado-garantizar-seguridad-de-menores-en-hogares-violentos","status":"publish","type":"post","link":"https:\/\/informebajio.com.mx\/?p=10887","title":{"rendered":"Promueven desde el Senado garantizar seguridad de menores en hogares violentos"},"content":{"rendered":"<div id=\"content-body-5851641-10130540\">\n<p>IRAPUATO, Gto. (OEM-Informex).- El <b>senador de la Rep\u00fablica<\/b>, <b>Erandi Berm\u00fadez M\u00e9ndez<\/b>, dijo que es urgente que se conformen las pol\u00edticas p\u00fablicas <b>garanticen la seguridad e integridad de los menores o dependientes econ\u00f3micos<\/b>, en particular personas con discapacidad, de mujeres violentadas.<\/p>\n<p>\u27a1 <a href=\"https:\/\/oem.pressreader.com\/el-sol-de-irapuato\" target=\"_blank\" rel=\"noopener\"><b>Suscr\u00edbete a nuestra edici\u00f3n digital<\/b><\/a><\/p>\n<p>En entrevista para la <b>Organizaci\u00f3n Editorial Mexicana<\/b>, <b>Erandi Berm\u00fadez M\u00e9ndez<\/b>, se\u00f1al\u00f3 que <b>la violencia contra las mujeres <\/b>se ha convertido en un problema social y de salud p\u00fablica, que <b>ha aumentado gravemente durante los \u00faltimos a\u00f1os<\/b>.<\/p>\n<p>Mencion\u00f3 que esto, <b>s\u00f3lo ha evidenciado el sistema de justicia ha quedado a deber<\/b>, as\u00ed como del fracaso de los programas para la <b>prevenci\u00f3n o erradicaci\u00f3n de la violencia<\/b>.<\/p>\n<p>Por ello, resalt\u00f3 que es urgente que <b>en M\u00e9xico se garantice <\/b>que las mujeres que sean violentadas as\u00ed como sus hijos e hijas <b>puedan ser apoyados<\/b> para que puedan salir de el contexto de violencia en el que viven.<\/p>\n<p>Puntualiz\u00f3 que desde el <b>Senado <\/b>se impulsa una iniciativa con <b>Proyecto de Decreto<\/b> por el que se reforma la <b>Fracci\u00f3n XIV<\/b>, al <b>Art\u00edculo 38 de la Ley General de Acceso de las Mujeres a Una Vida Libre de Violencia<\/b>.<\/p>\n<p><b>Erandi Berm\u00fadez <\/b>detall\u00f3 que, la propuesta busca que las instituciones competentes tambi\u00e9n <b>garanticen la seguridad e integridad de los menores o dependientes econ\u00f3micos<\/b>, en particular personas con discapacidad, de mujeres violentadas, as\u00ed como garantizar el acceso a programas sociales con fines de fortalecimiento econ\u00f3mico, psicol\u00f3gico y legal, esto, como una medida <b>para frenar y contener los da\u00f1os colaterales <\/b>que sufren los menores que crecen en hogares violentos.<\/p>\n<p>El senador blaquiazul insisti\u00f3 en que es prioritario dar soluci\u00f3n a la violencia contra mujeres y ni\u00f1as, misma que <b>no se debe ignorar ni tolerar bajo ninguna forma<\/b>, pues asegur\u00f3 que de no hacer nada, las cifras de <b>feminicidios<\/b> u <b>homicidios dolosos<\/b> podr\u00edan llegar a ser a\u00fan m\u00e1s alarmantes que las cifras que hasta hoy ya se presentan.<\/p>\n<p>Asimismo, dijo que entre otras de las acciones que impulsar\u00e1n es el <b>brindar el apoyo por parte de la Federaci\u00f3n a los ni\u00f1as y ni\u00f1os<\/b> que pierdan a sus padres o madres a causa de hechos violentos.<\/p>\n<p>\u201c<i><b>Antes hab\u00eda programas federales<\/b><\/i><i> que en autom\u00e1tico en cuando un ni\u00f1o o ni\u00f1a perd\u00eda a sus familiar <\/i><i><b>se le daba un tipo de apoyo <\/b><\/i><i>y luego este desapareci\u00f3, ahora lo queremos recuperar, independientemente cual sea su situaci\u00f3n<\/i>\u201d, agreg\u00f3.<\/p>\n<\/div>\n<p><script>(function(d, s, id) {\nvar js, fjs = d.getElementsByTagName(s)[0];\nif (d.getElementById(id)) return;\njs = d.createElement(s); js.id = id;\njs.src = 'https:\/\/connect.facebook.net\/es_LA\/sdk.js#xfbml=1&version=v3.2&appId=899106460676237&autoLogAppEvents=1';\nfjs.parentNode.insertBefore(js, fjs);\n}(document, 'script', 'facebook-jssdk'));\n<\/script><\/p>\n","protected":false},"excerpt":{"rendered":"<p>IRAPUATO, Gto. (OEM-Informex).- El senador de la Rep\u00fablica, Erandi Berm\u00fadez M\u00e9ndez, dijo que es urgente que se conformen las pol\u00edticas p\u00fablicas garanticen la seguridad e integridad de los menores o dependientes econ\u00f3micos, en particular personas con discapacidad, de mujeres violentadas. \u27a1 Suscr\u00edbete a nuestra edici\u00f3n digital En entrevista para la Organizaci\u00f3n Editorial Mexicana, Erandi Berm\u00fadez [&hellip;]<\/p>\n","protected":false},"author":2,"featured_media":10888,"comment_status":"","ping_status":"","sticky":false,"template":"","format":"standard","meta":{"_monsterinsights_skip_tracking":false,"_monsterinsights_sitenote_active":false,"_monsterinsights_sitenote_note":"","_monsterinsights_sitenote_category":0,"footnotes":""},"categories":[8],"tags":[],"class_list":["post-10887","post","type-post","status-publish","format-standard","has-post-thumbnail","hentry","category-guanajuato"],"_links":{"self":[{"href":"https:\/\/informebajio.com.mx\/index.php?rest_route=\/wp\/v2\/posts\/10887","targetHints":{"allow":["GET"]}}],"collection":[{"href":"https:\/\/informebajio.com.mx\/index.php?rest_route=\/wp\/v2\/posts"}],"about":[{"href":"https:\/\/informebajio.com.mx\/index.php?rest_route=\/wp\/v2\/types\/post"}],"author":[{"embeddable":true,"href":"https:\/\/informebajio.com.mx\/index.php?rest_route=\/wp\/v2\/users\/2"}],"replies":[{"embeddable":true,"href":"https:\/\/informebajio.com.mx\/index.php?rest_route=%2Fwp%2Fv2%2Fcomments&post=10887"}],"version-history":[{"count":0,"href":"https:\/\/informebajio.com.mx\/index.php?rest_route=\/wp\/v2\/posts\/10887\/revisions"}],"wp:featuredmedia":[{"embeddable":true,"href":"https:\/\/informebajio.com.mx\/index.php?rest_route=\/wp\/v2\/media\/10888"}],"wp:attachment":[{"href":"https:\/\/informebajio.com.mx\/index.php?rest_route=%2Fwp%2Fv2%2Fmedia&parent=10887"}],"wp:term":[{"taxonomy":"category","embeddable":true,"href":"https:\/\/informebajio.com.mx\/index.php?rest_route=%2Fwp%2Fv2%2Fcategories&post=10887"},{"taxonomy":"post_tag","embeddable":true,"href":"https:\/\/informebajio.com.mx\/index.php?rest_route=%2Fwp%2Fv2%2Ftags&post=10887"}],"curies":[{"name":"wp","href":"https:\/\/api.w.org\/{rel}","templated":true}]}}